{"id":46417,"date":"2023-10-30T17:08:00","date_gmt":"2023-10-30T16:08:00","guid":{"rendered":"https:\/\/centrevaldeloirebasketballpatrimoine.org\/?p=46417"},"modified":"2026-01-20T13:19:16","modified_gmt":"2026-01-20T12:19:16","slug":"entretien-avec-maurice-chatelet-le-31-octobre-2023-partie-2-letudiant","status":"publish","type":"post","link":"https:\/\/centrevaldeloirebasketballpatrimoine.org\/index.php\/2023\/10\/30\/entretien-avec-maurice-chatelet-le-31-octobre-2023-partie-2-letudiant\/","title":{"rendered":"Entretien avec Maurice CHATELET le 31 octobre 2023 &#8211; Partie 2 : L&rsquo;\u00e9tudiant"},"content":{"rendered":"\n<p><strong><em>La Commission Patrimoine de la Ligue du Centre-Val de Loire de Basketball s\u2019est rendue \u00e0 Orl\u00e9ans au domicile de <strong><em>Maurice CHATELET <\/em><\/strong>le mardi 31 octobre 2023<\/em><\/strong>.<\/p>\n\n\n\n<h3 class=\"wp-block-heading has-text-align-center\"><strong>Partie 2 : L&rsquo;\u00e9tudiant<\/strong><\/h3>\n\n\n\n<p><strong>C\u2019\u00e9tait une \u00e9quipe senior ?<\/strong><\/p>\n\n\n\n<p><em>MC \u2013 Une \u00e9quipe senior, c\u2019est \u00e7a il y avait gar\u00e7ons et filles et on se d\u00e9pla\u00e7ait simultan\u00e9ment. \u00c7a c\u2019\u00e9tait d\u00e9j\u00e0 sans doute en 1942-43 puisque c\u2019\u00e9tait le camion \u00e0 gazog\u00e8ne, un camion b\u00e2ch\u00e9 dans lequel tu mettais des bancs et puis on s\u2019asseyait sur les bancs.<\/em><\/p>\n\n\n\n<p><strong>En 1939, tu faisais des matches ?<\/strong><\/p>\n\n\n\n<p><em>MC \u2013 Oui, ce n\u2019est pas s\u00fbr, pas s\u00fbr, en 1939 c\u2019\u00e9tait le d\u00e9but de la guerre.<\/em><\/p>\n\n\n\n<p><strong>Maurice, je cherche quelle pourrait \u00eatre ta premi\u00e8re licence, \u00e0 la f\u00e9d\u00e9ration de basket. Pour faire les championnats, tu as \u00e9t\u00e9 oblig\u00e9 d\u2019avoir une licence f\u00e9d\u00e9rale ?<\/strong><\/p>\n\n\n\n<p><em>MC- \u00c7a pourrait \u00eatre plut\u00f4t dans les ann\u00e9es 42-43.<\/em><\/p>\n\n\n\n<p><strong>La p\u00e9riode Grenoble ?<\/strong><\/p>\n\n\n\n<p><em>MC \u2013 Moi sortant de math\u00e9lem, je voulais faire ing\u00e9nieur hydraulicien, parce que j\u2019avais un camarade qui jouait aussi au basket, un nomm\u00e9 Maurice FOSSET, et lui \u00e9tait d\u00e9j\u00e0 une ann\u00e9e avant moi dans le cursus scolaire. Donc il faisait la rentr\u00e9e \u00e0 l\u2019Institut de Grenoble o\u00f9 \u00e0 l\u2019\u00e9poque il n\u2019y avait pas de concours d\u2019entr\u00e9e. C\u2019\u00e9tait en fonction des r\u00e9sultats du Bac. Il avait d\u00e9j\u00e0 fait un an l\u00e0-bas et il m\u2019a dit&nbsp;: tu peux venir l\u00e0-bas.<\/em><\/p>\n\n\n\n<p><em>On n\u2019avait aucune information \u00e0 l\u2019\u00e9poque dans les coll\u00e8ges. J\u2019ai failli d\u2019ailleurs en fin de troisi\u00e8me, en<\/em><\/p>\n\n\n\n<p><em>1939, m\u2019engager \u00e0 l\u2019\u00e9cole des mousses de Lorient<strong>[3]<\/strong>. Alors que je n\u2019avais jamais \u00e9t\u00e9 au bord de la mer.<\/em><\/p>\n\n\n\n<p><em>Mes parents \u00e0 cette \u00e9poque \u00e9taient artisans et les rentr\u00e9es d\u2019argent, \u00e7a ne se faisait pas bien. Donc le fait d\u2019avoir mon fr\u00e8re qui allait prendre la succession de mon p\u00e8re, ma s\u0153ur qui travaillait dans l\u2019entreprise, du coup, moi je faisais des \u00e9tudes pour faire autre chose et c\u2019est comme \u00e7a que je suis parti \u00e0 Grenoble.<\/em><\/p>\n\n\n\n<p><strong>Combien de mois \u00e0 Grenoble ?<\/strong><\/p>\n\n\n\n<p><em>MC \u2013 Grenoble, d\u2019octobre \u00e0 f\u00e9vrier et je reviens dans le Berry, parce que j\u2019ai perdu un certain nombre de kilos. L\u00e0-bas on crevait de faim. On n\u2019a pas crev\u00e9 de faim au d\u00e9but, mais quand les Allemands ont d\u00e9cid\u00e9 d\u2019occuper toute la zone libre en octobre ou novembre 1942. Pendant deux mois on a mang\u00e9 normalement, on \u00e9tait dans une pension de famille avec Maurice ROCHEIX, normalement parce que nos parents respectifs qui \u00e9taient dans une zone libre, qui avaient des relations dans les fermes, avec du ravitaillement qu\u2019ils nous envoyaient, ce qui nous permettait de tenir le coup.<\/em><\/p>\n\n\n\n<p><strong>Et le basket ?<\/strong><\/p>\n\n\n\n<p><em>MC \u2013 J\u2019ai seulement jou\u00e9 dans l\u2019\u00e9quipe de l\u2019Institut \u00c9lectrotechnique de Grenoble, au niveau universitaire. Je ne me rappelle pas si Maurice ROCHEIX, lui, a jou\u00e9 dans un club.<\/em><\/p>\n\n\n\n<p><strong>On revient maintenant \u00e0 St Amand o\u00f9 tu pr\u00e9pares l\u2019entr\u00e9e \u00e0 l\u2019ENSEP ? Tu reviens parce que tu as faim ?<\/strong><\/p>\n\n\n\n<p><em>MC \u2013 Oui, je reviens et avec ma m\u00e8re nous allons voir mon ancien chef d\u2019\u00e9tablissement. C\u2019est un coll\u00e8ge de 250 \u00e9l\u00e8ves de la 6\u00e8me \u00e0 la terminale, en terminale on devait \u00eatre 8. On va voir le Principal qui connaissait ses \u00e9l\u00e8ves. Il n\u2019en n\u2019avait pas beaucoup. Il me dit : \u00ab toi tu as toujours \u00e9t\u00e9 bon en \u00e9ducation physique, tu as toujours eu le premier prix, tu as fait de la gymnastique, tu as fait un peu de basket, pr\u00e9pare donc le professorat d\u2019EPS \u00bb. C\u2019est comme \u00e7a qu\u2019est venue ma vocation. A partir de ce moment-l\u00e0, il m\u2019a dit : \u00ab si tu veux, je te trouve un poste de ma\u00eetre d\u2019internat \u00bb. Huit jours apr\u00e8s, j\u2019avais un poste de ma\u00eetre d\u2019internat au Blanc, dans l\u2019Indre.<\/em><\/p>\n\n\n\n<p><em>&nbsp;Et \u00e7a \u00e9t\u00e9 mon premier poste administratif et de fonctionnaire. C\u2019est en mars 1943.<\/em><\/p>\n\n\n\n<p><strong>Comment tu te pr\u00e9pares ?<\/strong><\/p>\n\n\n\n<p><em>MC \u2013 Avec des bouquins, au Blanc il y a un v\u00e9lodrome avec piste en bois et on peut pratiquer l\u2019athl\u00e9tisme avec des virages relev\u00e9s. C\u2019est exceptionnel pour l\u2019\u00e9poque. D\u2019ailleurs sur cette piste l\u00e0 j\u2019ai organis\u00e9 des championnats d\u2019Acad\u00e9mie quand par la suite j\u2019\u00e9tais secr\u00e9taire r\u00e9gional du sport scolaire. Elle a v\u00e9cu tr\u00e8s longtemps.<\/em><\/p>\n\n\n\n<p><em>J\u2019ai commenc\u00e9 vraiment \u00e0 lire des bouquins sur la musculation, pour pr\u00e9parer le concours de l\u2019ENSEP, mais c\u2019est en 1943, l\u2019ann\u00e9e de mes 20 ans. Et tous les jeunes de 20 ans doivent donner huit mois de leur temps dans les chantiers de jeunesse. Je suis donc mobilis\u00e9 dans les chantiers de jeunesse le 1<sup>er<\/sup> juillet. Ce qui me vaut un bl\u00e2me de mon chef d\u2019\u00e9tablissement parce que j\u2019ai quitt\u00e9 le coll\u00e8ge du Blanc. \u00c7a ne m\u2019a pas g\u00ean\u00e9 dans ma carri\u00e8re.<\/em><\/p>\n\n\n\n<p><em>J\u2019ai donc fait f\u00e9vrier, mars, avril, mai, juin au Blanc. 1<sup>er<\/sup> juillet je suis dans les chantiers de jeunesse. \u00c9tant au Blanc, mes chantiers d\u2019affectation sont \u00e0 Ch\u00e2teauneuf sur Cher, \u00e7a me rapproche de chez moi.<\/em><\/p>\n\n\n\n<p><em>Si j\u2019\u00e9tais rest\u00e9 \u00e0 St Amand j\u2019aurais \u00e9t\u00e9 affect\u00e9 dans un centre du Massif Central.<\/em><\/p>\n\n\n\n<p><strong>Comment tu te pr\u00e9pares au concours d\u2019entr\u00e9e ?<\/strong><\/p>\n\n\n\n<p><em>MC \u2013 Ah mais je me pr\u00e9pare s\u00e9rieusement au concours d\u2019entr\u00e9e.<\/em><\/p>\n\n\n\n<p><strong>Pas uniquement dans les livres ?<\/strong><\/p>\n\n\n\n<p><em>MC \u2013 Il y avait un stade \u00e0 St Amand, je ne faisais plus de gym (<\/em>comme on l\u2019a vu plus haut<em>), j\u2019ai pass\u00e9 le concours. Attendez, je suis ma\u00eetre d\u2019internat au Blanc, au 1<sup>er<\/sup> juillet, je suis \u00e0 Ch\u00e2teauneuf sur Cher dans le chantier de jeunesse, en novembre les Allemands d\u00e9cident que les jeunes des chantiers de jeunesse doivent travailler en Allemagne (STO) ou construire le mur de l\u2019Atlantique. Moi, connaissant beaucoup de paysans dans mon secteur, d\u2019origine artisanale ou petit paysan, un parent veut bien m\u2019accepter dans sa ferme. Donc je suis r\u00e9fractaire du STO.<\/em><\/p>\n\n\n\n<p><em>A c\u00f4t\u00e9 de St Amand, \u00e0 Loye-sur-Arnon, o\u00f9 je reste novembre, d\u00e9cembre 1943, janvier, f\u00e9vrier, mars 1944, 5 mois, camoufl\u00e9, \u00e0 faire des travaux agraires, c\u2019est toujours ma pr\u00e9paration.<\/em><\/p>\n\n\n\n<p><em>&nbsp;On arrive en 1944, c\u2019est le d\u00e9barquement, il y a rel\u00e2chement des Allemands, ils avaient autre chose \u00e0 faire que de surveiller les gars qui \u00e9taient dans les fermes.&nbsp; C\u2019est l\u00e0 que j\u2019ai travaill\u00e9 pendant un ou deux mois dans le garage qui se trouvait \u00e0 15 kilom\u00e8tres de la ferme. J\u2019ai fait davantage de basket, en m\u00eame temps. Le club s\u2019\u00e9tait structur\u00e9 : le dirigeant, un tailleur s\u2019occupait de nous, et puis Jean COUTURIER faisait l\u2019entra\u00eenement.<\/em><\/p>\n\n\n<div class=\"wp-block-image\">\n<figure class=\"aligncenter size-full is-resized\"><img decoding=\"async\" width=\"682\" height=\"423\" data-src=\"https:\/\/centrevaldeloirebasketballpatrimoine.org\/wp-content\/uploads\/2023\/11\/image-1.png\" alt=\"\" class=\"wp-image-46432 lazyload\" style=\"--smush-placeholder-width: 682px; --smush-placeholder-aspect-ratio: 682\/423;width:456px;height:auto\" data-srcset=\"https:\/\/centrevaldeloirebasketballpatrimoine.org\/wp-content\/uploads\/2023\/11\/image-1.png 682w, https:\/\/centrevaldeloirebasketballpatrimoine.org\/wp-content\/uploads\/2023\/11\/image-1-300x186.png 300w\" data-sizes=\"(max-width: 682px) 100vw, 682px\" src=\"data:image\/gif;base64,R0lGODlhAQABAAAAACH5BAEKAAEALAAAAAABAAEAAAICTAEAOw==\" \/><\/figure>\n<\/div>\n\n\n<p><strong>Et puis ta future \u00e9pouse qui jouait \u00e9galement au basket, c\u2019\u00e9tait un \u00e9l\u00e9ment de motivation ?<\/strong><\/p>\n\n\n\n<p><em>MC \u2013 Absolument <\/em>(rires).<\/p>\n\n\n<div class=\"wp-block-image\">\n<figure class=\"aligncenter size-full is-resized\"><img decoding=\"async\" width=\"914\" height=\"614\" data-src=\"https:\/\/centrevaldeloirebasketballpatrimoine.org\/wp-content\/uploads\/2023\/11\/image-2.png\" alt=\"\" class=\"wp-image-46433 lazyload\" style=\"--smush-placeholder-width: 914px; --smush-placeholder-aspect-ratio: 914\/614;width:472px;height:auto\" data-srcset=\"https:\/\/centrevaldeloirebasketballpatrimoine.org\/wp-content\/uploads\/2023\/11\/image-2.png 914w, https:\/\/centrevaldeloirebasketballpatrimoine.org\/wp-content\/uploads\/2023\/11\/image-2-300x202.png 300w, https:\/\/centrevaldeloirebasketballpatrimoine.org\/wp-content\/uploads\/2023\/11\/image-2-768x516.png 768w\" data-sizes=\"(max-width: 914px) 100vw, 914px\" src=\"data:image\/gif;base64,R0lGODlhAQABAAAAACH5BAEKAAEALAAAAAABAAEAAAICTAEAOw==\" \/><\/figure>\n<\/div>\n\n\n<p><strong>Les \u00e9preuves du concours d\u2019entr\u00e9e comportaient-elles du basket ?<\/strong><\/p>\n\n\n\n<p><em>MC &#8211; Non, il n\u2019y avait pas de basket du tout <\/em><strong>De la gym ? <\/strong><em>Y avait de la gym bien s\u00fbr, y avait un mouvement au sol que tu devais pr\u00e9senter. Je ne me rappelle pas si on nous imposait certains mouvements au sol.<\/em><\/p>\n\n\n\n<p><strong>Les \u00e9preuves tu les a pass\u00e9es o\u00f9 ?<\/strong><\/p>\n\n\n\n<p><em>MC \u2013 A l\u2019Institut de Formation de l\u2019acad\u00e9mie de Paris, qui d\u00e9pendait de la fac de m\u00e9decine. <\/em><strong>LACRETELLE ? <\/strong><em>Oui, LACRETELLE o\u00f9 je passe octobre, novembre, d\u00e9cembre 1944, janvier, f\u00e9vrier, mars 1945 et l\u00e0 je pr\u00e9pare mon concours d\u2019entr\u00e9e \u00e0 l\u2019ENSEP. En mars, je suis mobilis\u00e9 par l\u2019arm\u00e9e. Je sors brillamment sous-officier et c\u2019est l\u00e0 que je passe le concours normal, \u00e9preuves \u00e9crites \u00e0 Paris, \u00e9preuves physiques \u00e0 Poitiers. \u00c9tant dans l\u2019arm\u00e9e il fallait passer le concours normal, et j\u2019avais le nombre de points n\u00e9cessaires, je figurais m\u00eame bien dans le classement, mais ayant une note \u00e9liminatoire, vous ne savez pas en quoi ? En handball ! Je n\u2019ai pas pu rentrer \u00e0 l\u2019ENSEP sur ce concours-l\u00e0. Au mois de septembre ils ont fait une session sp\u00e9ciale pour les gens qui comme moi avaient \u00e9t\u00e9 retard\u00e9s dans leur formation et j\u2019ai \u00e9t\u00e9 re\u00e7u \u00e0 cette session sp\u00e9ciale. Et l\u00e0 soit je pouvais rester pr\u00e9parer le professorat en trois mois comme Henri CHAUTARD et beaucoup d\u2019autres de l\u2019\u00e9poque, ou je le pr\u00e9parais en deux ans. Moi, j\u2019ai dit trois mois ce n\u2019est pas une formation. Donc je m\u2019engage pour deux ans et le concours normal.<\/em><\/p>\n\n\n\n<p><strong>A Vincennes ?<\/strong><\/p>\n\n\n\n<p><em>MC \u2013 A Vincennes, non, m\u00eame pas.<\/em><\/p>\n\n\n\n<p><em>&nbsp;<\/em><strong>A la redoute de Gravelle ?<\/strong><\/p>\n\n\n\n<p><em>MC &#8211; Non<\/em><strong>, <\/strong><em>j\u2019ai \u00e9t\u00e9 un an boulevard Jourdan, log\u00e9 rue de la Tombe Issoire, dans un h\u00f4tel r\u00e9quisitionn\u00e9 par l\u2019\u00c9ducation Nationale.<\/em><\/p>\n\n\n\n<p><strong>40, Boulevard Jourdan comme du temps de l\u2019ENEP&nbsp;!<\/strong><\/p>\n\n\n\n<p><em>MC \u2013 Une moiti\u00e9 de ma promo \u00e9tait log\u00e9e au pavillon d\u2019Espagne et l\u2019autre moiti\u00e9 \u00e9tait log\u00e9e avec moi dans l\u2019h\u00f4tel de la Tombe Issoire. Et l\u00e0 les cours \u00e9taient boulevard Jourdan, au num\u00e9ro 40, sur la gauche avant d\u2019arriver au parc Montsouris.<\/em><\/p>\n\n\n\n<p><strong>Et l\u2019entra\u00eenement physique ?<\/strong><\/p>\n\n\n\n<p><em>MC \u2013 la natation se faisait dans la cit\u00e9 internationale, il y avait la piscine de 25m et les cours boulevard Jourdan, o\u00f9 il y avait un gymnase et une petite piste.<\/em><\/p>\n\n\n\n<p><strong>Tu es sorti en 1947 apr\u00e8s deux ans et l\u2019ann\u00e9e d\u2019apr\u00e8s le cursus \u00e9tait 3 ans.<\/strong><\/p>\n\n\n\n<p><em>MC \u2013 Ah oui, peut-\u00eatre. Car Jacques DESCOUX il a fait trois ans effectivement.<\/em><\/p>\n\n\n\n<p><strong>Alors tu \u00e9tais avec Maurice CHAFFOL ?<\/strong><\/p>\n\n\n\n<p><em>MC \u2013 Oui, je me suis trouv\u00e9 avec Maurice CHAFIOL en octobre 1945 Lui, il n\u2019a pas pu sortir en m\u00eame temps que moi parce qu\u2019il a fait une pneumonie en 1947, donc il n\u2019a pas pu passer le concours et il l\u2019a pass\u00e9 un an apr\u00e8s. Il a \u00e9t\u00e9 affect\u00e9 \u00e0 Bourges et moi j\u2019avais \u00e9t\u00e9 affect\u00e9 l\u2019ann\u00e9e d\u2019avant \u00e0 Orl\u00e9ans.<\/em><\/p>\n\n\n<div class=\"wp-block-image\">\n<figure class=\"aligncenter size-full is-resized\"><img decoding=\"async\" width=\"449\" height=\"424\" data-src=\"https:\/\/centrevaldeloirebasketballpatrimoine.org\/wp-content\/uploads\/2023\/11\/image-3.png\" alt=\"\" class=\"wp-image-46434 lazyload\" style=\"--smush-placeholder-width: 449px; --smush-placeholder-aspect-ratio: 449\/424;width:215px;height:auto\" data-srcset=\"https:\/\/centrevaldeloirebasketballpatrimoine.org\/wp-content\/uploads\/2023\/11\/image-3.png 449w, https:\/\/centrevaldeloirebasketballpatrimoine.org\/wp-content\/uploads\/2023\/11\/image-3-300x283.png 300w\" data-sizes=\"(max-width: 449px) 100vw, 449px\" src=\"data:image\/gif;base64,R0lGODlhAQABAAAAACH5BAEKAAEALAAAAAABAAEAAAICTAEAOw==\" \/><\/figure>\n<\/div>\n\n\n<p><strong>Et vous avez jou\u00e9 au basket ensemble ?<\/strong><\/p>\n\n\n\n<p><em>MC \u2013 Jamais ! En revanche nous avons jou\u00e9 l\u2019un contre l\u2019autre en USFEN ! Nos femmes ont jou\u00e9 aussi l\u2019une contre l\u2019autre. Sa femme jouait dans l\u2019\u00e9quipe de Bourges et la mienne jouait \u00e0 St Amand- Montrond et \u00e0 ce moment-l\u00e0, la guerre est termin\u00e9e. Il n\u2019y avait plus de zone libre ni de zone occup\u00e9e.<\/em><\/p>\n\n\n\n<p><strong>Est-ce que tu te rappelles de LE BOULCH <\/strong>?<\/p>\n\n\n\n<p><em>MC \u2013 LE BOULCH, il \u00e9tait dans ma promo, bien s\u00fbr et dans la m\u00eame chambr\u00e9e \u00e0 Gravelle en 1946-47.<\/em><\/p>\n\n\n\n<p><strong>Il \u00e9tait basketteur aussi ?<\/strong><\/p>\n\n\n\n<p><em>MC \u2013 Je ne sais pas s\u2019il \u00e9tait basketteur. La premi\u00e8re ann\u00e9e, il \u00e9tait dans une petite chambre dans l\u2019h\u00f4tel dont je vous ai parl\u00e9 tout \u00e0 l\u2019heure.&nbsp;<\/em><\/p>\n\n\n\n<p><strong>LE BOULCH avait \u00e9t\u00e9 sollicit\u00e9 par la f\u00e9d\u00e9ration de basket pour s\u2019occuper des grands gabarits.<\/strong><\/p>\n\n\n\n<p><em>MC \u2013 Oui parce que LE BOULCH, il a fait sa m\u00e9decine apr\u00e8s avoir fait son professorat d\u2019EPS. Nous \u00e9tions \u00e0 Gravelle. On a essuy\u00e9 les pl\u00e2tres l\u00e0-bas. On dormait dans la Redoute et on allait manger chez les Joinvillais, on avait un bon kilom\u00e8tre ou 1 km 500, dans la boue, le matin pour aller casser la cro\u00fbte. \u00c7a a \u00e9t\u00e9 difficile pendant cinq, six mois et quand on voyait les installations de chevaux \u00e0 c\u00f4t\u00e9 de l\u2019hippodrome de Vincennes, les chevaux \u00e9taient mieux lotis que nous. J\u2019y suis retourn\u00e9 avec mes enfants et petits enfants<\/em><\/p>\n\n\n\n<p><strong>L\u2019INS n\u2019\u00e9tait pas termin\u00e9 ?<\/strong><\/p>\n\n\n\n<p><em>MC &#8211; Ah bien non, l\u2019INS n\u2019\u00e9tait pas construit du tout. Y avait le stade Pershing.<\/em><\/p>\n\n\n\n<p><strong>L\u2019INS a \u00e9t\u00e9 ouvert en 1945<a id=\"_ednref1\" href=\"#_edn1\"><strong>[<\/strong><\/a><strong>4<\/strong><a id=\"_ednref1\" href=\"#_edn1\"><strong>]<\/strong><\/a><\/strong><\/p>\n\n\n\n<p><em>MC \u2013 Oui, \u00e7a a \u00e9t\u00e9 un parcours \u00e7a.<\/em><\/p>\n\n\n\n<p><strong>Alors qui enseigne le basket \u00e0 l\u2019ENSEP ?<\/strong><\/p>\n\n\n\n<p><em>MC \u2013 C\u2019est MERAND.<\/em><\/p>\n\n\n\n<p><strong>Donc tu as connu LAGISQUET que tu as eu comme prof ?<\/strong><\/p>\n\n\n\n<p><em>MC \u2013 Oui, LAGISQUET je l\u2019ai eu comme prof.<\/em><\/p>\n\n\n\n<p><strong>Et MERAND aussi <em>?<\/em><\/strong><\/p>\n\n\n\n<p><em>MC &#8211; MERAND aussi. J\u2019ai eu RUBELIN, DAVID, c\u2019\u00e9tait la m\u00e9thode naturelle.<\/em><\/p>\n\n\n\n<p><strong>Dessendier ?<\/strong><\/p>\n\n\n\n<p><em>MC -DESSENDIER, on a fait un stage au lac des Settons ? C\u2019est l\u00e0 qu\u2019il nous a montr\u00e9 comment monter aux arbres avec des branches mises en trap\u00e8ze.<\/em><\/p>\n\n\n\n<p><strong>La gym ou le basket&nbsp;?<\/strong><\/p>\n\n\n\n<p><em>MC \u2013 Je n\u2019ai pas opt\u00e9. On \u00e9tait polyvalent \u00e0 l\u2019\u00e9poque. Il fallait tout faire. J\u2019ai fait un peu de tout, du handball \u00e0 11. Le handball \u00e0 11 je l\u2019ai pratiqu\u00e9 \u00e0 Orl\u00e9ans, j\u2019ai fait jouer les \u00e9l\u00e8ves du lyc\u00e9e Pothier \u00e0 11. On jouait contre les \u00e9quipes de l\u2019acad\u00e9mie de Paris. Sinon on faisait tous les sports \u00e0 petite dose.<\/em><\/p>\n\n\n\n<p><strong>Ta pratique d\u2019\u00e9tudiant, mais tu n\u2019as pas fait ni de gym, ni du basket \u00e0 Paris.<\/strong><\/p>\n\n\n\n<p><em>MC \u2013 Non, non, \u00e0 Paris je n\u2019ai jamais \u00e9t\u00e9 dans un club.<\/em><\/p>\n\n\n\n<p><strong>Apr\u00e8s ta nomination \u00e0 Orl\u00e9ans\u2026<\/strong><\/p>\n\n\n\n<p><em>MC \u2013 C\u2019est l\u00e0 que je reviens dans un club de basket qui se trouve \u00eatre l\u2019OCO (Olympique Club d\u2019Orl\u00e9ans) Avec DALGARONDO, THOMAS le gendre au p\u00e8re TOULET, Coco COURTIN, des gars comme \u00e7a<\/em>.<\/p>\n\n\n<div class=\"wp-block-image\">\n<figure class=\"aligncenter size-full is-resized\"><img decoding=\"async\" width=\"335\" height=\"535\" data-src=\"https:\/\/centrevaldeloirebasketballpatrimoine.org\/wp-content\/uploads\/2023\/11\/image-4.png\" alt=\"\" class=\"wp-image-46435 lazyload\" style=\"--smush-placeholder-width: 335px; --smush-placeholder-aspect-ratio: 335\/535;width:271px;height:auto\" data-srcset=\"https:\/\/centrevaldeloirebasketballpatrimoine.org\/wp-content\/uploads\/2023\/11\/image-4.png 335w, https:\/\/centrevaldeloirebasketballpatrimoine.org\/wp-content\/uploads\/2023\/11\/image-4-188x300.png 188w\" data-sizes=\"(max-width: 335px) 100vw, 335px\" src=\"data:image\/gif;base64,R0lGODlhAQABAAAAACH5BAEKAAEALAAAAAABAAEAAAICTAEAOw==\" \/><\/figure>\n<\/div>\n\n\n<p><strong>MAHON DE MONAGHAN ?<\/strong><\/p>\n\n\n\n<p>MC &#8211; <strong>&nbsp;<\/strong><em>Non il n\u2019y \u00e9tait pas mais parce qu\u2019ils \u00e9taient plus en avance, ils ont tous \u00e9t\u00e9 plus ou moins toubib tous ces gars-l\u00e0. J\u2019ai \u00e9t\u00e9 voir un ancien du PUC qui \u00e9tait dans la r\u00e9gion parisienne, il \u00e9tait pass\u00e9 par Orl\u00e9ans.<\/em><\/p>\n\n\n\n<p><em><strong>&nbsp;GUILLOU ?<\/strong><\/em><\/p>\n\n\n\n<p><em>MC- Oui Fernand GUILLOU qui a fait les JO de 1948.<\/em><\/p>\n\n\n\n<h3 class=\"wp-block-heading has-text-align-center\">Fin de la Partie 2<\/h3>\n\n\n\n<p class=\"has-text-color has-link-color wp-elements-b1b020531baaf3ae91c9c2df8ff14396\" style=\"color:#c80000\"><strong><em>Interview r\u00e9alis\u00e9 par : Jean-Claude BOIS, Christian CATHELINEAU et Jacky RAVIER, Le 31 octobre 2023<\/em><\/strong><\/p>\n\n\n\n<p>Acc\u00e9der au m\u00eame contenu en format PDF en cliquant en bas \u00e0 gauche pour faire d\u00e9filer la lecture :<\/p>\n\n\n<a href=\"https:\/\/centrevaldeloirebasketballpatrimoine.org\/wp-content\/uploads\/2023\/11\/M-CHATELET-23-Novembre-2023-Partie-2-Letudiant.pdf\" class=\"pdfemb-viewer\" style=\"\" data-width=\"max\" data-height=\"max\" data-toolbar=\"bottom\" data-toolbar-fixed=\"off\">M-CHATELET-23-Novembre-2023-Partie-2-Letudiant<\/a>\n<p class=\"wp-block-pdfemb-pdf-embedder-viewer\"><\/p>\n\n\n\n<p>T\u00e9l\u00e9charger le document en PDF de l&rsquo;entretien Partie 2 en cliquant ici : <a href=\"https:\/\/centrevaldeloirebasketballpatrimoine.org\/wp-content\/uploads\/2023\/11\/M-CHATELET-23-Novembre-2023-Partie-2-Letudiant.pdf\" target=\"_blank\" rel=\"noreferrer noopener\">https:\/\/centrevaldeloirebasketballpatrimoine.org\/wp-content\/uploads\/2023\/11\/M-CHATELET-23-Novembre-2023-Partie-2-Letudiant.pdf<\/a><\/p>\n\n\n\n<hr class=\"wp-block-separator has-alpha-channel-opacity\"\/>\n\n\n\n<p>[3] Si Maurice \u00e9tait all\u00e9 \u00e0 l\u2019\u00e9cole des mousses de Lorient, il aurait eu comme moniteur chef d\u2019EPS Georges H\u00e9bert qu\u2019il a rencontr\u00e9, par ailleurs, en for\u00eat d\u2019Ermenonville quand il \u00e9tait \u00e0 l\u2019ENSEP.<\/p>\n\n\n\n<p>[4] L\u2019INS a \u00e9t\u00e9 cr\u00e9\u00e9 en 1945, les conditions de travail y \u00e9taient pr\u00e9caires car ce n\u2019est qu\u2019en 1952 que Vincent Auriol a inaugur\u00e9 les b\u00e2timents de l\u2019INS. Et ce n\u2019est qu\u2019en 1956 que l\u2019ENSEP (gar\u00e7ons) emm\u00e9nage au Tremblay, \u00e0 c\u00f4t\u00e9 de l\u2019INS.<\/p>\n\n\n\n<hr class=\"wp-block-separator has-alpha-channel-opacity\"\/>\n","protected":false},"excerpt":{"rendered":"<p>La Commission Patrimoine de la Ligue du Centre-Val de Loire de Basketball s\u2019est rendue \u00e0 Orl\u00e9ans au domicile de Maurice CHATELET le mardi 31 octobre 2023. Partie 2 : L&rsquo;\u00e9tudiant [&hellip;]<\/p>\n","protected":false},"author":6,"featured_media":46439,"comment_status":"closed","ping_status":"open","sticky":false,"template":"","format":"standard","meta":{"footnotes":""},"categories":[17],"tags":[],"class_list":["post-46417","post","type-post","status-publish","format-standard","has-post-thumbnail","hentry","category-acteurs"],"yoast_head":"<!-- This site is optimized with the Yoast SEO plugin v27.5 - https:\/\/yoast.com\/product\/yoast-seo-wordpress\/ -->\n<title>Entretien avec Maurice CHATELET le 31 octobre 2023 - Partie 2 : L&#039;\u00e9tudiant - LCVL; Patrimoine<\/title>\n<meta name=\"description\" content=\"Patrimoine historique du basket en r\u00e9gion Centre-Val de Loire.\" \/>\n<meta name=\"robots\" content=\"index, follow, max-snippet:-1, max-image-preview:large, max-video-preview:-1\" \/>\n<link rel=\"canonical\" href=\"https:\/\/centrevaldeloirebasketballpatrimoine.org\/index.php\/2023\/10\/30\/entretien-avec-maurice-chatelet-le-31-octobre-2023-partie-2-letudiant\/\" \/>\n<meta property=\"og:locale\" content=\"fr_FR\" \/>\n<meta property=\"og:type\" content=\"article\" \/>\n<meta property=\"og:title\" content=\"Entretien avec Maurice CHATELET le 31 octobre 2023 - Partie 2 : L&#039;\u00e9tudiant - LCVL; Patrimoine\" \/>\n<meta property=\"og:description\" content=\"Patrimoine historique du basket en r\u00e9gion Centre-Val de Loire.\" \/>\n<meta property=\"og:url\" content=\"https:\/\/centrevaldeloirebasketballpatrimoine.org\/index.php\/2023\/10\/30\/entretien-avec-maurice-chatelet-le-31-octobre-2023-partie-2-letudiant\/\" \/>\n<meta property=\"article:publisher\" content=\"https:\/\/www.facebook.com\/LigueBasketCentre\" \/>\n<meta property=\"article:published_time\" content=\"2023-10-30T16:08:00+00:00\" \/>\n<meta property=\"article:modified_time\" content=\"2026-01-20T12:19:16+00:00\" \/>\n<meta property=\"og:image\" content=\"https:\/\/centrevaldeloirebasketballpatrimoine.org\/wp-content\/uploads\/2023\/11\/Partie-2.png\" \/>\n\t<meta property=\"og:image:width\" content=\"955\" \/>\n\t<meta property=\"og:image:height\" content=\"710\" \/>\n\t<meta property=\"og:image:type\" content=\"image\/png\" \/>\n<meta name=\"author\" content=\"Elise BARRIER-GUILLOT\" \/>\n<meta name=\"twitter:card\" content=\"summary_large_image\" \/>\n<meta name=\"twitter:creator\" content=\"@BasketCentre\" \/>\n<meta name=\"twitter:site\" content=\"@BasketCentre\" \/>\n<meta name=\"twitter:label1\" content=\"\u00c9crit par\" \/>\n\t<meta name=\"twitter:data1\" content=\"Elise BARRIER-GUILLOT\" \/>\n\t<meta name=\"twitter:label2\" content=\"Dur\u00e9e de lecture estim\u00e9e\" \/>\n\t<meta name=\"twitter:data2\" content=\"13 minutes\" \/>\n<script type=\"application\/ld+json\" class=\"yoast-schema-graph\">{\"@context\":\"https:\\\/\\\/schema.org\",\"@graph\":[{\"@type\":\"Article\",\"@id\":\"https:\\\/\\\/centrevaldeloirebasketballpatrimoine.org\\\/index.php\\\/2023\\\/10\\\/30\\\/entretien-avec-maurice-chatelet-le-31-octobre-2023-partie-2-letudiant\\\/#article\",\"isPartOf\":{\"@id\":\"https:\\\/\\\/centrevaldeloirebasketballpatrimoine.org\\\/index.php\\\/2023\\\/10\\\/30\\\/entretien-avec-maurice-chatelet-le-31-octobre-2023-partie-2-letudiant\\\/\"},\"author\":{\"name\":\"Elise BARRIER-GUILLOT\",\"@id\":\"https:\\\/\\\/centrevaldeloirebasketballpatrimoine.org\\\/#\\\/schema\\\/person\\\/2c893d0ea279ba4e59c7844962e20def\"},\"headline\":\"Entretien avec Maurice CHATELET le 31 octobre 2023 &#8211; Partie 2 : L&rsquo;\u00e9tudiant\",\"datePublished\":\"2023-10-30T16:08:00+00:00\",\"dateModified\":\"2026-01-20T12:19:16+00:00\",\"mainEntityOfPage\":{\"@id\":\"https:\\\/\\\/centrevaldeloirebasketballpatrimoine.org\\\/index.php\\\/2023\\\/10\\\/30\\\/entretien-avec-maurice-chatelet-le-31-octobre-2023-partie-2-letudiant\\\/\"},\"wordCount\":2424,\"publisher\":{\"@id\":\"https:\\\/\\\/centrevaldeloirebasketballpatrimoine.org\\\/#organization\"},\"image\":{\"@id\":\"https:\\\/\\\/centrevaldeloirebasketballpatrimoine.org\\\/index.php\\\/2023\\\/10\\\/30\\\/entretien-avec-maurice-chatelet-le-31-octobre-2023-partie-2-letudiant\\\/#primaryimage\"},\"thumbnailUrl\":\"https:\\\/\\\/centrevaldeloirebasketballpatrimoine.org\\\/wp-content\\\/uploads\\\/2023\\\/11\\\/Partie-2.png\",\"articleSection\":[\"Acteurs\"],\"inLanguage\":\"fr-FR\"},{\"@type\":\"WebPage\",\"@id\":\"https:\\\/\\\/centrevaldeloirebasketballpatrimoine.org\\\/index.php\\\/2023\\\/10\\\/30\\\/entretien-avec-maurice-chatelet-le-31-octobre-2023-partie-2-letudiant\\\/\",\"url\":\"https:\\\/\\\/centrevaldeloirebasketballpatrimoine.org\\\/index.php\\\/2023\\\/10\\\/30\\\/entretien-avec-maurice-chatelet-le-31-octobre-2023-partie-2-letudiant\\\/\",\"name\":\"Entretien avec Maurice CHATELET le 31 octobre 2023 - Partie 2 : L'\u00e9tudiant - LCVL; Patrimoine\",\"isPartOf\":{\"@id\":\"https:\\\/\\\/centrevaldeloirebasketballpatrimoine.org\\\/#website\"},\"primaryImageOfPage\":{\"@id\":\"https:\\\/\\\/centrevaldeloirebasketballpatrimoine.org\\\/index.php\\\/2023\\\/10\\\/30\\\/entretien-avec-maurice-chatelet-le-31-octobre-2023-partie-2-letudiant\\\/#primaryimage\"},\"image\":{\"@id\":\"https:\\\/\\\/centrevaldeloirebasketballpatrimoine.org\\\/index.php\\\/2023\\\/10\\\/30\\\/entretien-avec-maurice-chatelet-le-31-octobre-2023-partie-2-letudiant\\\/#primaryimage\"},\"thumbnailUrl\":\"https:\\\/\\\/centrevaldeloirebasketballpatrimoine.org\\\/wp-content\\\/uploads\\\/2023\\\/11\\\/Partie-2.png\",\"datePublished\":\"2023-10-30T16:08:00+00:00\",\"dateModified\":\"2026-01-20T12:19:16+00:00\",\"description\":\"Patrimoine historique du basket en r\u00e9gion Centre-Val de Loire.\",\"breadcrumb\":{\"@id\":\"https:\\\/\\\/centrevaldeloirebasketballpatrimoine.org\\\/index.php\\\/2023\\\/10\\\/30\\\/entretien-avec-maurice-chatelet-le-31-octobre-2023-partie-2-letudiant\\\/#breadcrumb\"},\"inLanguage\":\"fr-FR\",\"potentialAction\":[{\"@type\":\"ReadAction\",\"target\":[\"https:\\\/\\\/centrevaldeloirebasketballpatrimoine.org\\\/index.php\\\/2023\\\/10\\\/30\\\/entretien-avec-maurice-chatelet-le-31-octobre-2023-partie-2-letudiant\\\/\"]}]},{\"@type\":\"ImageObject\",\"inLanguage\":\"fr-FR\",\"@id\":\"https:\\\/\\\/centrevaldeloirebasketballpatrimoine.org\\\/index.php\\\/2023\\\/10\\\/30\\\/entretien-avec-maurice-chatelet-le-31-octobre-2023-partie-2-letudiant\\\/#primaryimage\",\"url\":\"https:\\\/\\\/centrevaldeloirebasketballpatrimoine.org\\\/wp-content\\\/uploads\\\/2023\\\/11\\\/Partie-2.png\",\"contentUrl\":\"https:\\\/\\\/centrevaldeloirebasketballpatrimoine.org\\\/wp-content\\\/uploads\\\/2023\\\/11\\\/Partie-2.png\",\"width\":955,\"height\":710},{\"@type\":\"BreadcrumbList\",\"@id\":\"https:\\\/\\\/centrevaldeloirebasketballpatrimoine.org\\\/index.php\\\/2023\\\/10\\\/30\\\/entretien-avec-maurice-chatelet-le-31-octobre-2023-partie-2-letudiant\\\/#breadcrumb\",\"itemListElement\":[{\"@type\":\"ListItem\",\"position\":1,\"name\":\"Accueil\",\"item\":\"https:\\\/\\\/centrevaldeloirebasketballpatrimoine.org\\\/\"},{\"@type\":\"ListItem\",\"position\":2,\"name\":\"Entretien avec Maurice CHATELET le 31 octobre 2023 &#8211; Partie 2 : L&rsquo;\u00e9tudiant\"}]},{\"@type\":\"WebSite\",\"@id\":\"https:\\\/\\\/centrevaldeloirebasketballpatrimoine.org\\\/#website\",\"url\":\"https:\\\/\\\/centrevaldeloirebasketballpatrimoine.org\\\/\",\"name\":\"\",\"description\":\"Site officiel Commission Patrimoine de la Ligue Centre-Val de Loire de BasketBall\",\"publisher\":{\"@id\":\"https:\\\/\\\/centrevaldeloirebasketballpatrimoine.org\\\/#organization\"},\"potentialAction\":[{\"@type\":\"SearchAction\",\"target\":{\"@type\":\"EntryPoint\",\"urlTemplate\":\"https:\\\/\\\/centrevaldeloirebasketballpatrimoine.org\\\/?s={search_term_string}\"},\"query-input\":{\"@type\":\"PropertyValueSpecification\",\"valueRequired\":true,\"valueName\":\"search_term_string\"}}],\"inLanguage\":\"fr-FR\"},{\"@type\":\"Organization\",\"@id\":\"https:\\\/\\\/centrevaldeloirebasketballpatrimoine.org\\\/#organization\",\"name\":\"Patrimoine Basket Ligue Centre-Val de Loire\",\"url\":\"https:\\\/\\\/centrevaldeloirebasketballpatrimoine.org\\\/\",\"logo\":{\"@type\":\"ImageObject\",\"inLanguage\":\"fr-FR\",\"@id\":\"https:\\\/\\\/centrevaldeloirebasketballpatrimoine.org\\\/#\\\/schema\\\/logo\\\/image\\\/\",\"url\":\"https:\\\/\\\/i0.wp.com\\\/centrevaldeloirebasketballpatrimoine.org\\\/wp-content\\\/uploads\\\/2019\\\/06\\\/LigueRegionale-CENTRE-VAL-DE-LOIRE-Vertical-694x1024.jpg?fit=694%2C1024&ssl=1\",\"contentUrl\":\"https:\\\/\\\/i0.wp.com\\\/centrevaldeloirebasketballpatrimoine.org\\\/wp-content\\\/uploads\\\/2019\\\/06\\\/LigueRegionale-CENTRE-VAL-DE-LOIRE-Vertical-694x1024.jpg?fit=694%2C1024&ssl=1\",\"width\":694,\"height\":1024,\"caption\":\"Patrimoine Basket Ligue Centre-Val de Loire\"},\"image\":{\"@id\":\"https:\\\/\\\/centrevaldeloirebasketballpatrimoine.org\\\/#\\\/schema\\\/logo\\\/image\\\/\"},\"sameAs\":[\"https:\\\/\\\/www.facebook.com\\\/LigueBasketCentre\",\"https:\\\/\\\/x.com\\\/BasketCentre\",\"https:\\\/\\\/www.instagram.com\\\/liguebasketcentre\\\/\",\"https:\\\/\\\/www.linkedin.com\\\/company\\\/ligue-du-centre-val-de-loire-de-basketball\"]},{\"@type\":\"Person\",\"@id\":\"https:\\\/\\\/centrevaldeloirebasketballpatrimoine.org\\\/#\\\/schema\\\/person\\\/2c893d0ea279ba4e59c7844962e20def\",\"name\":\"Elise BARRIER-GUILLOT\",\"image\":{\"@type\":\"ImageObject\",\"inLanguage\":\"fr-FR\",\"@id\":\"https:\\\/\\\/secure.gravatar.com\\\/avatar\\\/9397535c4230f512e833967b709263b14c0b4d27485ba46b5685afbd4ef6a64d?s=96&d=mm&r=g\",\"url\":\"https:\\\/\\\/secure.gravatar.com\\\/avatar\\\/9397535c4230f512e833967b709263b14c0b4d27485ba46b5685afbd4ef6a64d?s=96&d=mm&r=g\",\"contentUrl\":\"https:\\\/\\\/secure.gravatar.com\\\/avatar\\\/9397535c4230f512e833967b709263b14c0b4d27485ba46b5685afbd4ef6a64d?s=96&d=mm&r=g\",\"caption\":\"Elise BARRIER-GUILLOT\"},\"url\":\"https:\\\/\\\/centrevaldeloirebasketballpatrimoine.org\\\/index.php\\\/author\\\/ebarrier\\\/\"}]}<\/script>\n<!-- \/ Yoast SEO plugin. -->","yoast_head_json":{"title":"Entretien avec Maurice CHATELET le 31 octobre 2023 - Partie 2 : L'\u00e9tudiant - LCVL; Patrimoine","description":"Patrimoine historique du basket en r\u00e9gion Centre-Val de Loire.","robots":{"index":"index","follow":"follow","max-snippet":"max-snippet:-1","max-image-preview":"max-image-preview:large","max-video-preview":"max-video-preview:-1"},"canonical":"https:\/\/centrevaldeloirebasketballpatrimoine.org\/index.php\/2023\/10\/30\/entretien-avec-maurice-chatelet-le-31-octobre-2023-partie-2-letudiant\/","og_locale":"fr_FR","og_type":"article","og_title":"Entretien avec Maurice CHATELET le 31 octobre 2023 - Partie 2 : L'\u00e9tudiant - LCVL; Patrimoine","og_description":"Patrimoine historique du basket en r\u00e9gion Centre-Val de Loire.","og_url":"https:\/\/centrevaldeloirebasketballpatrimoine.org\/index.php\/2023\/10\/30\/entretien-avec-maurice-chatelet-le-31-octobre-2023-partie-2-letudiant\/","article_publisher":"https:\/\/www.facebook.com\/LigueBasketCentre","article_published_time":"2023-10-30T16:08:00+00:00","article_modified_time":"2026-01-20T12:19:16+00:00","og_image":[{"width":955,"height":710,"url":"https:\/\/centrevaldeloirebasketballpatrimoine.org\/wp-content\/uploads\/2023\/11\/Partie-2.png","type":"image\/png"}],"author":"Elise BARRIER-GUILLOT","twitter_card":"summary_large_image","twitter_creator":"@BasketCentre","twitter_site":"@BasketCentre","twitter_misc":{"\u00c9crit par":"Elise BARRIER-GUILLOT","Dur\u00e9e de lecture estim\u00e9e":"13 minutes"},"schema":{"@context":"https:\/\/schema.org","@graph":[{"@type":"Article","@id":"https:\/\/centrevaldeloirebasketballpatrimoine.org\/index.php\/2023\/10\/30\/entretien-avec-maurice-chatelet-le-31-octobre-2023-partie-2-letudiant\/#article","isPartOf":{"@id":"https:\/\/centrevaldeloirebasketballpatrimoine.org\/index.php\/2023\/10\/30\/entretien-avec-maurice-chatelet-le-31-octobre-2023-partie-2-letudiant\/"},"author":{"name":"Elise BARRIER-GUILLOT","@id":"https:\/\/centrevaldeloirebasketballpatrimoine.org\/#\/schema\/person\/2c893d0ea279ba4e59c7844962e20def"},"headline":"Entretien avec Maurice CHATELET le 31 octobre 2023 &#8211; Partie 2 : L&rsquo;\u00e9tudiant","datePublished":"2023-10-30T16:08:00+00:00","dateModified":"2026-01-20T12:19:16+00:00","mainEntityOfPage":{"@id":"https:\/\/centrevaldeloirebasketballpatrimoine.org\/index.php\/2023\/10\/30\/entretien-avec-maurice-chatelet-le-31-octobre-2023-partie-2-letudiant\/"},"wordCount":2424,"publisher":{"@id":"https:\/\/centrevaldeloirebasketballpatrimoine.org\/#organization"},"image":{"@id":"https:\/\/centrevaldeloirebasketballpatrimoine.org\/index.php\/2023\/10\/30\/entretien-avec-maurice-chatelet-le-31-octobre-2023-partie-2-letudiant\/#primaryimage"},"thumbnailUrl":"https:\/\/centrevaldeloirebasketballpatrimoine.org\/wp-content\/uploads\/2023\/11\/Partie-2.png","articleSection":["Acteurs"],"inLanguage":"fr-FR"},{"@type":"WebPage","@id":"https:\/\/centrevaldeloirebasketballpatrimoine.org\/index.php\/2023\/10\/30\/entretien-avec-maurice-chatelet-le-31-octobre-2023-partie-2-letudiant\/","url":"https:\/\/centrevaldeloirebasketballpatrimoine.org\/index.php\/2023\/10\/30\/entretien-avec-maurice-chatelet-le-31-octobre-2023-partie-2-letudiant\/","name":"Entretien avec Maurice CHATELET le 31 octobre 2023 - Partie 2 : L'\u00e9tudiant - LCVL; Patrimoine","isPartOf":{"@id":"https:\/\/centrevaldeloirebasketballpatrimoine.org\/#website"},"primaryImageOfPage":{"@id":"https:\/\/centrevaldeloirebasketballpatrimoine.org\/index.php\/2023\/10\/30\/entretien-avec-maurice-chatelet-le-31-octobre-2023-partie-2-letudiant\/#primaryimage"},"image":{"@id":"https:\/\/centrevaldeloirebasketballpatrimoine.org\/index.php\/2023\/10\/30\/entretien-avec-maurice-chatelet-le-31-octobre-2023-partie-2-letudiant\/#primaryimage"},"thumbnailUrl":"https:\/\/centrevaldeloirebasketballpatrimoine.org\/wp-content\/uploads\/2023\/11\/Partie-2.png","datePublished":"2023-10-30T16:08:00+00:00","dateModified":"2026-01-20T12:19:16+00:00","description":"Patrimoine historique du basket en r\u00e9gion Centre-Val de Loire.","breadcrumb":{"@id":"https:\/\/centrevaldeloirebasketballpatrimoine.org\/index.php\/2023\/10\/30\/entretien-avec-maurice-chatelet-le-31-octobre-2023-partie-2-letudiant\/#breadcrumb"},"inLanguage":"fr-FR","potentialAction":[{"@type":"ReadAction","target":["https:\/\/centrevaldeloirebasketballpatrimoine.org\/index.php\/2023\/10\/30\/entretien-avec-maurice-chatelet-le-31-octobre-2023-partie-2-letudiant\/"]}]},{"@type":"ImageObject","inLanguage":"fr-FR","@id":"https:\/\/centrevaldeloirebasketballpatrimoine.org\/index.php\/2023\/10\/30\/entretien-avec-maurice-chatelet-le-31-octobre-2023-partie-2-letudiant\/#primaryimage","url":"https:\/\/centrevaldeloirebasketballpatrimoine.org\/wp-content\/uploads\/2023\/11\/Partie-2.png","contentUrl":"https:\/\/centrevaldeloirebasketballpatrimoine.org\/wp-content\/uploads\/2023\/11\/Partie-2.png","width":955,"height":710},{"@type":"BreadcrumbList","@id":"https:\/\/centrevaldeloirebasketballpatrimoine.org\/index.php\/2023\/10\/30\/entretien-avec-maurice-chatelet-le-31-octobre-2023-partie-2-letudiant\/#breadcrumb","itemListElement":[{"@type":"ListItem","position":1,"name":"Accueil","item":"https:\/\/centrevaldeloirebasketballpatrimoine.org\/"},{"@type":"ListItem","position":2,"name":"Entretien avec Maurice CHATELET le 31 octobre 2023 &#8211; Partie 2 : L&rsquo;\u00e9tudiant"}]},{"@type":"WebSite","@id":"https:\/\/centrevaldeloirebasketballpatrimoine.org\/#website","url":"https:\/\/centrevaldeloirebasketballpatrimoine.org\/","name":"","description":"Site officiel Commission Patrimoine de la Ligue Centre-Val de Loire de BasketBall","publisher":{"@id":"https:\/\/centrevaldeloirebasketballpatrimoine.org\/#organization"},"potentialAction":[{"@type":"SearchAction","target":{"@type":"EntryPoint","urlTemplate":"https:\/\/centrevaldeloirebasketballpatrimoine.org\/?s={search_term_string}"},"query-input":{"@type":"PropertyValueSpecification","valueRequired":true,"valueName":"search_term_string"}}],"inLanguage":"fr-FR"},{"@type":"Organization","@id":"https:\/\/centrevaldeloirebasketballpatrimoine.org\/#organization","name":"Patrimoine Basket Ligue Centre-Val de Loire","url":"https:\/\/centrevaldeloirebasketballpatrimoine.org\/","logo":{"@type":"ImageObject","inLanguage":"fr-FR","@id":"https:\/\/centrevaldeloirebasketballpatrimoine.org\/#\/schema\/logo\/image\/","url":"https:\/\/i0.wp.com\/centrevaldeloirebasketballpatrimoine.org\/wp-content\/uploads\/2019\/06\/LigueRegionale-CENTRE-VAL-DE-LOIRE-Vertical-694x1024.jpg?fit=694%2C1024&ssl=1","contentUrl":"https:\/\/i0.wp.com\/centrevaldeloirebasketballpatrimoine.org\/wp-content\/uploads\/2019\/06\/LigueRegionale-CENTRE-VAL-DE-LOIRE-Vertical-694x1024.jpg?fit=694%2C1024&ssl=1","width":694,"height":1024,"caption":"Patrimoine Basket Ligue Centre-Val de Loire"},"image":{"@id":"https:\/\/centrevaldeloirebasketballpatrimoine.org\/#\/schema\/logo\/image\/"},"sameAs":["https:\/\/www.facebook.com\/LigueBasketCentre","https:\/\/x.com\/BasketCentre","https:\/\/www.instagram.com\/liguebasketcentre\/","https:\/\/www.linkedin.com\/company\/ligue-du-centre-val-de-loire-de-basketball"]},{"@type":"Person","@id":"https:\/\/centrevaldeloirebasketballpatrimoine.org\/#\/schema\/person\/2c893d0ea279ba4e59c7844962e20def","name":"Elise BARRIER-GUILLOT","image":{"@type":"ImageObject","inLanguage":"fr-FR","@id":"https:\/\/secure.gravatar.com\/avatar\/9397535c4230f512e833967b709263b14c0b4d27485ba46b5685afbd4ef6a64d?s=96&d=mm&r=g","url":"https:\/\/secure.gravatar.com\/avatar\/9397535c4230f512e833967b709263b14c0b4d27485ba46b5685afbd4ef6a64d?s=96&d=mm&r=g","contentUrl":"https:\/\/secure.gravatar.com\/avatar\/9397535c4230f512e833967b709263b14c0b4d27485ba46b5685afbd4ef6a64d?s=96&d=mm&r=g","caption":"Elise BARRIER-GUILLOT"},"url":"https:\/\/centrevaldeloirebasketballpatrimoine.org\/index.php\/author\/ebarrier\/"}]}},"_links":{"self":[{"href":"https:\/\/centrevaldeloirebasketballpatrimoine.org\/index.php\/wp-json\/wp\/v2\/posts\/46417","targetHints":{"allow":["GET"]}}],"collection":[{"href":"https:\/\/centrevaldeloirebasketballpatrimoine.org\/index.php\/wp-json\/wp\/v2\/posts"}],"about":[{"href":"https:\/\/centrevaldeloirebasketballpatrimoine.org\/index.php\/wp-json\/wp\/v2\/types\/post"}],"author":[{"embeddable":true,"href":"https:\/\/centrevaldeloirebasketballpatrimoine.org\/index.php\/wp-json\/wp\/v2\/users\/6"}],"replies":[{"embeddable":true,"href":"https:\/\/centrevaldeloirebasketballpatrimoine.org\/index.php\/wp-json\/wp\/v2\/comments?post=46417"}],"version-history":[{"count":1,"href":"https:\/\/centrevaldeloirebasketballpatrimoine.org\/index.php\/wp-json\/wp\/v2\/posts\/46417\/revisions"}],"predecessor-version":[{"id":84378,"href":"https:\/\/centrevaldeloirebasketballpatrimoine.org\/index.php\/wp-json\/wp\/v2\/posts\/46417\/revisions\/84378"}],"wp:featuredmedia":[{"embeddable":true,"href":"https:\/\/centrevaldeloirebasketballpatrimoine.org\/index.php\/wp-json\/wp\/v2\/media\/46439"}],"wp:attachment":[{"href":"https:\/\/centrevaldeloirebasketballpatrimoine.org\/index.php\/wp-json\/wp\/v2\/media?parent=46417"}],"wp:term":[{"taxonomy":"category","embeddable":true,"href":"https:\/\/centrevaldeloirebasketballpatrimoine.org\/index.php\/wp-json\/wp\/v2\/categories?post=46417"},{"taxonomy":"post_tag","embeddable":true,"href":"https:\/\/centrevaldeloirebasketballpatrimoine.org\/index.php\/wp-json\/wp\/v2\/tags?post=46417"}],"curies":[{"name":"wp","href":"https:\/\/api.w.org\/{rel}","templated":true}]}}