{"id":2766,"date":"2020-06-04T12:34:10","date_gmt":"2020-06-04T10:34:10","guid":{"rendered":"https:\/\/centrevaldeloirebasketballpatrimoine.org\/?p=2766"},"modified":"2020-06-04T12:34:10","modified_gmt":"2020-06-04T10:34:10","slug":"hommage-a-claudette-sestillange","status":"publish","type":"post","link":"https:\/\/centrevaldeloirebasketballpatrimoine.org\/index.php\/2020\/06\/04\/hommage-a-claudette-sestillange\/","title":{"rendered":"Hommage \u00e0 Claudette Sestillange"},"content":{"rendered":"\n<p>Claudette,<\/p>\n\n\n\n<p>Tu nous manques d\u00e9j\u00e0\u2026<\/p>\n\n\n\n<p>Il n\u2019\u00e9tait pas une manifestation de basket o\u00f9 l\u2019on ne te croisait. Ta silhouette \u00e9l\u00e9gante, ton sourire faisaient partie de notre environnement car le basket \u00e9tait attach\u00e9 \u00e0 ta personne. Joueuse de bon niveau, \u00e9ducatrice p\u00e9dagogue connue de g\u00e9n\u00e9rations de filles et reconnue de tous les entra\u00eeneurs du d\u00e9partement et de la r\u00e9gion, \u00e9lue au CD37 (1991-2003), \u00e0 la Ligue du Centre Val de Loire (1992-1996) et toujours Pr\u00e9sidente d\u00e9l\u00e9gu\u00e9e du Conseil d\u2019Honneur du CD37, tu vivais le basket enti\u00e8rement.&nbsp; Partout o\u00f9 tu \u00e9tais (USFEN, M\u00e9daill\u00e9s entre autres), tu portais haut les couleurs de notre sport. Tes engagements \u00e9taient pleins et entiers, comme tes convictions que tu d\u00e9fendais avec force et arguments.<\/p>\n\n\n\n<p>Les coll\u00e9giennes de Jou\u00e9 les Tours se souviennent d\u2019une prof de sport, toujours bronz\u00e9e, qui mettait toute son \u00e9nergie \u00e0 te prouver que \u00ab&nbsp;les barri\u00e8res que tu t\u2019imposes peuvent \u00eatre d\u00e9pass\u00e9es si tu le veux&nbsp;\u00bb.<\/p>\n\n\n\n<p>Sportive, tu as toujours gard\u00e9 cette allure jeune et dynamique, tu nous communiquais cette envie de bouger et de gagner. M\u00eame au golf, tu consid\u00e9rais la pratique comme une comp\u00e9tition plut\u00f4t qu\u2019un loisir.<\/p>\n\n\n\n<p>Tu \u00e9tais une femme engag\u00e9e et respectant tes choix, que ce soit lors des comit\u00e9s directeurs anim\u00e9s o\u00f9 tu d\u00e9fendais \u00ab&nbsp;la technique&nbsp;\u00bb qui, seule, devait guider le jeu. Enseignante, tu pr\u00e9f\u00e9rais l\u2019apprentissage des \u00ab&nbsp;fondamentaux&nbsp;\u00bb aux tactiques de \u00ab&nbsp;coaching&nbsp;\u00bb. Tu adorais Marine Johannes pour la puret\u00e9 de ses gestes techniques, l\u2019\u00e9l\u00e9gance du dribble, la justesse de la passe et la qualit\u00e9 du tir. C\u2019\u00e9tait \u00e7a, pour toi, le basket&nbsp;: des gestes techniques appris au service du jeu collectif.<\/p>\n\n\n\n<p>Rares furent tes absences \u00e0 la F\u00eate Nationale du Minibasket, o\u00f9 tu \u00e9tais \u00ab&nbsp;sur un terrain&nbsp;\u00bb, \u00e0 l\u2019accueil et parfois au micro&nbsp;; en tous cas, au c\u0153ur du basket et au milieu des enfants. Ton nom, associ\u00e9 \u00e0 une Coupe D\u00e9partementale, est une reconnaissance de tous tes coll\u00e8gues et une fiert\u00e9 pour toutes les basketteuses qui l\u2019ont soulev\u00e9e.<\/p>\n\n\n\n<p>Le basket, tu le vivais aussi dans ton canap\u00e9 quand tu \u00e9tais contrainte de rester chez toi, luttant avec courage contre la maladie&nbsp;; tu t\u2019\u00e9tais abonn\u00e9e \u00e0 toutes les cha\u00eenes de t\u00e9l\u00e9 qui diffusaient du basket pour pouvoir en regarder tous les soirs\u2026 m\u00eame si tu r\u00e2lais \u00e0 cause des changements r\u00e9guliers de diffuseurs.<\/p>\n\n\n\n<p>Tu \u00e9tais \u00e9galement tr\u00e8s attach\u00e9e aux \u00e9quipes qui d\u00e9fendaient &nbsp;\u00ab&nbsp;le&nbsp; maillot&nbsp;\u00bb, s\u00e9lections d\u00e9partementales, \u00e9quipes de France.<\/p>\n\n\n\n<p>Mais, toutes ces activit\u00e9s, tu les pratiquais en groupe, avec tes copains. Nous \u00e9tions tous, jeunes ou moins jeunes, de ta famille de basket. L\u2019amiti\u00e9, la fid\u00e9lit\u00e9 \u00e9taient deux points d\u2019ancrage dans ta vie. Tu nous parlais de ta famille, de Jean, de Sandrine et tes petits enfants, de tes \u00ab&nbsp;beaux enfants&nbsp;\u00bb, de ta plage dans les Landes et la p\u00e9tanque avec les voisins, de tes vir\u00e9es de golf et les comp\u00e9titions de scrabble pour ton cot\u00e9 intellectuel. Le basket nous r\u00e9unissait, l\u2019amiti\u00e9 nous faisait vivre de bons, d\u2019excellents moments.<\/p>\n\n\n\n<p>Nous revoyons ton sourire, nous entendons encore ton rire r\u00e9sonner et j\u2019esp\u00e8re qu\u2019ils nous accompagneront longtemps dans les r\u00e9unions et les gymnases.<\/p>\n\n\n\n<p>Merci Claudette pour l\u2019Amiti\u00e9 partag\u00e9e\u00a0!<\/p>\n\n\n\n<p class=\"has-text-align-right\"><em>Sources : Sophie Gabory, Claude L\u00e9quip\u00e9 et Michel Botton<\/em><\/p>\n\n\n\n<figure class=\"wp-block-image size-large\"><img decoding=\"async\" width=\"1024\" height=\"768\" data-src=\"https:\/\/centrevaldeloirebasketballpatrimoine.org\/wp-content\/uploads\/2020\/06\/Hommage-Claudette-Sestillange-1024x768.jpg\" alt=\"\" class=\"wp-image-2767 lazyload\" data-srcset=\"https:\/\/centrevaldeloirebasketballpatrimoine.org\/wp-content\/uploads\/2020\/06\/Hommage-Claudette-Sestillange-1024x768.jpg 1024w, https:\/\/centrevaldeloirebasketballpatrimoine.org\/wp-content\/uploads\/2020\/06\/Hommage-Claudette-Sestillange-300x225.jpg 300w, https:\/\/centrevaldeloirebasketballpatrimoine.org\/wp-content\/uploads\/2020\/06\/Hommage-Claudette-Sestillange-768x576.jpg 768w, https:\/\/centrevaldeloirebasketballpatrimoine.org\/wp-content\/uploads\/2020\/06\/Hommage-Claudette-Sestillange-1536x1152.jpg 1536w, https:\/\/centrevaldeloirebasketballpatrimoine.org\/wp-content\/uploads\/2020\/06\/Hommage-Claudette-Sestillange-2048x1536.jpg 2048w, https:\/\/centrevaldeloirebasketballpatrimoine.org\/wp-content\/uploads\/2020\/06\/Hommage-Claudette-Sestillange-360x270.jpg 360w, https:\/\/centrevaldeloirebasketballpatrimoine.org\/wp-content\/uploads\/2020\/06\/Hommage-Claudette-Sestillange-80x60.jpg 80w, https:\/\/centrevaldeloirebasketballpatrimoine.org\/wp-content\/uploads\/2020\/06\/Hommage-Claudette-Sestillange-1320x990.jpg 1320w\" data-sizes=\"(max-width: 1024px) 100vw, 1024px\" src=\"data:image\/gif;base64,R0lGODlhAQABAAAAACH5BAEKAAEALAAAAAABAAEAAAICTAEAOw==\" style=\"--smush-placeholder-width: 1024px; --smush-placeholder-aspect-ratio: 1024\/768;\" \/><figcaption><em>Claudette lors de la Coupe d\u2019Europe 2014<\/em><\/figcaption><\/figure>\n","protected":false},"excerpt":{"rendered":"<p>Retrouvez sur cet article l&rsquo;hommage \u00e0 Claudette Sestillange r\u00e9dig\u00e9 par Sophie Gabory, Claude L\u00e9quip\u00e9 et Michel Botton<\/p>\n","protected":false},"author":4,"featured_media":2767,"comment_status":"closed","ping_status":"open","sticky":false,"template":"","format":"standard","meta":{"footnotes":""},"categories":[30],"tags":[],"class_list":["post-2766","post","type-post","status-publish","format-standard","has-post-thumbnail","hentry","category-dirigeants"],"yoast_head":"<!-- This site is optimized with the Yoast SEO plugin v27.4 - https:\/\/yoast.com\/product\/yoast-seo-wordpress\/ -->\n<title>Hommage \u00e0 Claudette Sestillange - LCVL; Patrimoine<\/title>\n<meta name=\"description\" content=\"Patrimoine historique du basket en r\u00e9gion Centre-Val de Loire.\" \/>\n<meta name=\"robots\" content=\"index, follow, max-snippet:-1, max-image-preview:large, max-video-preview:-1\" \/>\n<link rel=\"canonical\" href=\"https:\/\/centrevaldeloirebasketballpatrimoine.org\/index.php\/2020\/06\/04\/hommage-a-claudette-sestillange\/\" \/>\n<meta property=\"og:locale\" content=\"fr_FR\" \/>\n<meta property=\"og:type\" content=\"article\" \/>\n<meta property=\"og:title\" content=\"Hommage \u00e0 Claudette Sestillange - LCVL; Patrimoine\" \/>\n<meta property=\"og:description\" content=\"Patrimoine historique du basket en r\u00e9gion Centre-Val de Loire.\" \/>\n<meta property=\"og:url\" content=\"https:\/\/centrevaldeloirebasketballpatrimoine.org\/index.php\/2020\/06\/04\/hommage-a-claudette-sestillange\/\" \/>\n<meta property=\"article:publisher\" content=\"https:\/\/www.facebook.com\/LigueBasketCentre\" \/>\n<meta property=\"article:published_time\" content=\"2020-06-04T10:34:10+00:00\" \/>\n<meta property=\"og:image\" content=\"https:\/\/i0.wp.com\/centrevaldeloirebasketballpatrimoine.org\/wp-content\/uploads\/2020\/06\/Hommage-Claudette-Sestillange-scaled.jpg?fit=2560%2C1920&ssl=1\" \/>\n\t<meta property=\"og:image:width\" content=\"2560\" \/>\n\t<meta property=\"og:image:height\" content=\"1920\" \/>\n\t<meta property=\"og:image:type\" content=\"image\/jpeg\" \/>\n<meta name=\"author\" content=\"Jacky RAVIER\" \/>\n<meta name=\"twitter:card\" content=\"summary_large_image\" \/>\n<meta name=\"twitter:creator\" content=\"@BasketCentre\" \/>\n<meta name=\"twitter:site\" content=\"@BasketCentre\" \/>\n<meta name=\"twitter:label1\" content=\"\u00c9crit par\" \/>\n\t<meta name=\"twitter:data1\" content=\"Jacky RAVIER\" \/>\n\t<meta name=\"twitter:label2\" content=\"Dur\u00e9e de lecture estim\u00e9e\" \/>\n\t<meta name=\"twitter:data2\" content=\"3 minutes\" \/>\n<script type=\"application\/ld+json\" class=\"yoast-schema-graph\">{\"@context\":\"https:\\\/\\\/schema.org\",\"@graph\":[{\"@type\":\"Article\",\"@id\":\"https:\\\/\\\/centrevaldeloirebasketballpatrimoine.org\\\/index.php\\\/2020\\\/06\\\/04\\\/hommage-a-claudette-sestillange\\\/#article\",\"isPartOf\":{\"@id\":\"https:\\\/\\\/centrevaldeloirebasketballpatrimoine.org\\\/index.php\\\/2020\\\/06\\\/04\\\/hommage-a-claudette-sestillange\\\/\"},\"author\":{\"name\":\"Jacky RAVIER\",\"@id\":\"https:\\\/\\\/centrevaldeloirebasketballpatrimoine.org\\\/#\\\/schema\\\/person\\\/3b0eae4e6bef2aae1b3758d30d7404f1\"},\"headline\":\"Hommage \u00e0 Claudette Sestillange\",\"datePublished\":\"2020-06-04T10:34:10+00:00\",\"mainEntityOfPage\":{\"@id\":\"https:\\\/\\\/centrevaldeloirebasketballpatrimoine.org\\\/index.php\\\/2020\\\/06\\\/04\\\/hommage-a-claudette-sestillange\\\/\"},\"wordCount\":615,\"publisher\":{\"@id\":\"https:\\\/\\\/centrevaldeloirebasketballpatrimoine.org\\\/#organization\"},\"image\":{\"@id\":\"https:\\\/\\\/centrevaldeloirebasketballpatrimoine.org\\\/index.php\\\/2020\\\/06\\\/04\\\/hommage-a-claudette-sestillange\\\/#primaryimage\"},\"thumbnailUrl\":\"https:\\\/\\\/centrevaldeloirebasketballpatrimoine.org\\\/wp-content\\\/uploads\\\/2020\\\/06\\\/Hommage-Claudette-Sestillange-scaled.jpg\",\"articleSection\":[\"Dirigeants\"],\"inLanguage\":\"fr-FR\"},{\"@type\":\"WebPage\",\"@id\":\"https:\\\/\\\/centrevaldeloirebasketballpatrimoine.org\\\/index.php\\\/2020\\\/06\\\/04\\\/hommage-a-claudette-sestillange\\\/\",\"url\":\"https:\\\/\\\/centrevaldeloirebasketballpatrimoine.org\\\/index.php\\\/2020\\\/06\\\/04\\\/hommage-a-claudette-sestillange\\\/\",\"name\":\"Hommage \u00e0 Claudette Sestillange - LCVL; Patrimoine\",\"isPartOf\":{\"@id\":\"https:\\\/\\\/centrevaldeloirebasketballpatrimoine.org\\\/#website\"},\"primaryImageOfPage\":{\"@id\":\"https:\\\/\\\/centrevaldeloirebasketballpatrimoine.org\\\/index.php\\\/2020\\\/06\\\/04\\\/hommage-a-claudette-sestillange\\\/#primaryimage\"},\"image\":{\"@id\":\"https:\\\/\\\/centrevaldeloirebasketballpatrimoine.org\\\/index.php\\\/2020\\\/06\\\/04\\\/hommage-a-claudette-sestillange\\\/#primaryimage\"},\"thumbnailUrl\":\"https:\\\/\\\/centrevaldeloirebasketballpatrimoine.org\\\/wp-content\\\/uploads\\\/2020\\\/06\\\/Hommage-Claudette-Sestillange-scaled.jpg\",\"datePublished\":\"2020-06-04T10:34:10+00:00\",\"description\":\"Patrimoine historique du basket en r\u00e9gion Centre-Val de Loire.\",\"breadcrumb\":{\"@id\":\"https:\\\/\\\/centrevaldeloirebasketballpatrimoine.org\\\/index.php\\\/2020\\\/06\\\/04\\\/hommage-a-claudette-sestillange\\\/#breadcrumb\"},\"inLanguage\":\"fr-FR\",\"potentialAction\":[{\"@type\":\"ReadAction\",\"target\":[\"https:\\\/\\\/centrevaldeloirebasketballpatrimoine.org\\\/index.php\\\/2020\\\/06\\\/04\\\/hommage-a-claudette-sestillange\\\/\"]}]},{\"@type\":\"ImageObject\",\"inLanguage\":\"fr-FR\",\"@id\":\"https:\\\/\\\/centrevaldeloirebasketballpatrimoine.org\\\/index.php\\\/2020\\\/06\\\/04\\\/hommage-a-claudette-sestillange\\\/#primaryimage\",\"url\":\"https:\\\/\\\/centrevaldeloirebasketballpatrimoine.org\\\/wp-content\\\/uploads\\\/2020\\\/06\\\/Hommage-Claudette-Sestillange-scaled.jpg\",\"contentUrl\":\"https:\\\/\\\/centrevaldeloirebasketballpatrimoine.org\\\/wp-content\\\/uploads\\\/2020\\\/06\\\/Hommage-Claudette-Sestillange-scaled.jpg\",\"width\":2560,\"height\":1920},{\"@type\":\"BreadcrumbList\",\"@id\":\"https:\\\/\\\/centrevaldeloirebasketballpatrimoine.org\\\/index.php\\\/2020\\\/06\\\/04\\\/hommage-a-claudette-sestillange\\\/#breadcrumb\",\"itemListElement\":[{\"@type\":\"ListItem\",\"position\":1,\"name\":\"Accueil\",\"item\":\"https:\\\/\\\/centrevaldeloirebasketballpatrimoine.org\\\/\"},{\"@type\":\"ListItem\",\"position\":2,\"name\":\"Hommage \u00e0 Claudette Sestillange\"}]},{\"@type\":\"WebSite\",\"@id\":\"https:\\\/\\\/centrevaldeloirebasketballpatrimoine.org\\\/#website\",\"url\":\"https:\\\/\\\/centrevaldeloirebasketballpatrimoine.org\\\/\",\"name\":\"\",\"description\":\"Site officiel Commission Patrimoine de la Ligue Centre-Val de Loire de BasketBall\",\"publisher\":{\"@id\":\"https:\\\/\\\/centrevaldeloirebasketballpatrimoine.org\\\/#organization\"},\"potentialAction\":[{\"@type\":\"SearchAction\",\"target\":{\"@type\":\"EntryPoint\",\"urlTemplate\":\"https:\\\/\\\/centrevaldeloirebasketballpatrimoine.org\\\/?s={search_term_string}\"},\"query-input\":{\"@type\":\"PropertyValueSpecification\",\"valueRequired\":true,\"valueName\":\"search_term_string\"}}],\"inLanguage\":\"fr-FR\"},{\"@type\":\"Organization\",\"@id\":\"https:\\\/\\\/centrevaldeloirebasketballpatrimoine.org\\\/#organization\",\"name\":\"Patrimoine Basket Ligue Centre-Val de Loire\",\"url\":\"https:\\\/\\\/centrevaldeloirebasketballpatrimoine.org\\\/\",\"logo\":{\"@type\":\"ImageObject\",\"inLanguage\":\"fr-FR\",\"@id\":\"https:\\\/\\\/centrevaldeloirebasketballpatrimoine.org\\\/#\\\/schema\\\/logo\\\/image\\\/\",\"url\":\"https:\\\/\\\/i0.wp.com\\\/centrevaldeloirebasketballpatrimoine.org\\\/wp-content\\\/uploads\\\/2019\\\/06\\\/LigueRegionale-CENTRE-VAL-DE-LOIRE-Vertical-694x1024.jpg?fit=694%2C1024&ssl=1\",\"contentUrl\":\"https:\\\/\\\/i0.wp.com\\\/centrevaldeloirebasketballpatrimoine.org\\\/wp-content\\\/uploads\\\/2019\\\/06\\\/LigueRegionale-CENTRE-VAL-DE-LOIRE-Vertical-694x1024.jpg?fit=694%2C1024&ssl=1\",\"width\":694,\"height\":1024,\"caption\":\"Patrimoine Basket Ligue Centre-Val de Loire\"},\"image\":{\"@id\":\"https:\\\/\\\/centrevaldeloirebasketballpatrimoine.org\\\/#\\\/schema\\\/logo\\\/image\\\/\"},\"sameAs\":[\"https:\\\/\\\/www.facebook.com\\\/LigueBasketCentre\",\"https:\\\/\\\/x.com\\\/BasketCentre\",\"https:\\\/\\\/www.instagram.com\\\/liguebasketcentre\\\/\",\"https:\\\/\\\/www.linkedin.com\\\/company\\\/ligue-du-centre-val-de-loire-de-basketball\"]},{\"@type\":\"Person\",\"@id\":\"https:\\\/\\\/centrevaldeloirebasketballpatrimoine.org\\\/#\\\/schema\\\/person\\\/3b0eae4e6bef2aae1b3758d30d7404f1\",\"name\":\"Jacky RAVIER\",\"image\":{\"@type\":\"ImageObject\",\"inLanguage\":\"fr-FR\",\"@id\":\"https:\\\/\\\/secure.gravatar.com\\\/avatar\\\/88c6e979d82d3ce8fe0c1d00863f8fa1624cd4283c09ca267c0250728462b17d?s=96&d=mm&r=g\",\"url\":\"https:\\\/\\\/secure.gravatar.com\\\/avatar\\\/88c6e979d82d3ce8fe0c1d00863f8fa1624cd4283c09ca267c0250728462b17d?s=96&d=mm&r=g\",\"contentUrl\":\"https:\\\/\\\/secure.gravatar.com\\\/avatar\\\/88c6e979d82d3ce8fe0c1d00863f8fa1624cd4283c09ca267c0250728462b17d?s=96&d=mm&r=g\",\"caption\":\"Jacky RAVIER\"},\"url\":\"https:\\\/\\\/centrevaldeloirebasketballpatrimoine.org\\\/index.php\\\/author\\\/jravier\\\/\"}]}<\/script>\n<!-- \/ Yoast SEO plugin. -->","yoast_head_json":{"title":"Hommage \u00e0 Claudette Sestillange - LCVL; Patrimoine","description":"Patrimoine historique du basket en r\u00e9gion Centre-Val de Loire.","robots":{"index":"index","follow":"follow","max-snippet":"max-snippet:-1","max-image-preview":"max-image-preview:large","max-video-preview":"max-video-preview:-1"},"canonical":"https:\/\/centrevaldeloirebasketballpatrimoine.org\/index.php\/2020\/06\/04\/hommage-a-claudette-sestillange\/","og_locale":"fr_FR","og_type":"article","og_title":"Hommage \u00e0 Claudette Sestillange - LCVL; Patrimoine","og_description":"Patrimoine historique du basket en r\u00e9gion Centre-Val de Loire.","og_url":"https:\/\/centrevaldeloirebasketballpatrimoine.org\/index.php\/2020\/06\/04\/hommage-a-claudette-sestillange\/","article_publisher":"https:\/\/www.facebook.com\/LigueBasketCentre","article_published_time":"2020-06-04T10:34:10+00:00","og_image":[{"width":2560,"height":1920,"url":"https:\/\/i0.wp.com\/centrevaldeloirebasketballpatrimoine.org\/wp-content\/uploads\/2020\/06\/Hommage-Claudette-Sestillange-scaled.jpg?fit=2560%2C1920&ssl=1","type":"image\/jpeg"}],"author":"Jacky RAVIER","twitter_card":"summary_large_image","twitter_creator":"@BasketCentre","twitter_site":"@BasketCentre","twitter_misc":{"\u00c9crit par":"Jacky RAVIER","Dur\u00e9e de lecture estim\u00e9e":"3 minutes"},"schema":{"@context":"https:\/\/schema.org","@graph":[{"@type":"Article","@id":"https:\/\/centrevaldeloirebasketballpatrimoine.org\/index.php\/2020\/06\/04\/hommage-a-claudette-sestillange\/#article","isPartOf":{"@id":"https:\/\/centrevaldeloirebasketballpatrimoine.org\/index.php\/2020\/06\/04\/hommage-a-claudette-sestillange\/"},"author":{"name":"Jacky RAVIER","@id":"https:\/\/centrevaldeloirebasketballpatrimoine.org\/#\/schema\/person\/3b0eae4e6bef2aae1b3758d30d7404f1"},"headline":"Hommage \u00e0 Claudette Sestillange","datePublished":"2020-06-04T10:34:10+00:00","mainEntityOfPage":{"@id":"https:\/\/centrevaldeloirebasketballpatrimoine.org\/index.php\/2020\/06\/04\/hommage-a-claudette-sestillange\/"},"wordCount":615,"publisher":{"@id":"https:\/\/centrevaldeloirebasketballpatrimoine.org\/#organization"},"image":{"@id":"https:\/\/centrevaldeloirebasketballpatrimoine.org\/index.php\/2020\/06\/04\/hommage-a-claudette-sestillange\/#primaryimage"},"thumbnailUrl":"https:\/\/centrevaldeloirebasketballpatrimoine.org\/wp-content\/uploads\/2020\/06\/Hommage-Claudette-Sestillange-scaled.jpg","articleSection":["Dirigeants"],"inLanguage":"fr-FR"},{"@type":"WebPage","@id":"https:\/\/centrevaldeloirebasketballpatrimoine.org\/index.php\/2020\/06\/04\/hommage-a-claudette-sestillange\/","url":"https:\/\/centrevaldeloirebasketballpatrimoine.org\/index.php\/2020\/06\/04\/hommage-a-claudette-sestillange\/","name":"Hommage \u00e0 Claudette Sestillange - LCVL; Patrimoine","isPartOf":{"@id":"https:\/\/centrevaldeloirebasketballpatrimoine.org\/#website"},"primaryImageOfPage":{"@id":"https:\/\/centrevaldeloirebasketballpatrimoine.org\/index.php\/2020\/06\/04\/hommage-a-claudette-sestillange\/#primaryimage"},"image":{"@id":"https:\/\/centrevaldeloirebasketballpatrimoine.org\/index.php\/2020\/06\/04\/hommage-a-claudette-sestillange\/#primaryimage"},"thumbnailUrl":"https:\/\/centrevaldeloirebasketballpatrimoine.org\/wp-content\/uploads\/2020\/06\/Hommage-Claudette-Sestillange-scaled.jpg","datePublished":"2020-06-04T10:34:10+00:00","description":"Patrimoine historique du basket en r\u00e9gion Centre-Val de Loire.","breadcrumb":{"@id":"https:\/\/centrevaldeloirebasketballpatrimoine.org\/index.php\/2020\/06\/04\/hommage-a-claudette-sestillange\/#breadcrumb"},"inLanguage":"fr-FR","potentialAction":[{"@type":"ReadAction","target":["https:\/\/centrevaldeloirebasketballpatrimoine.org\/index.php\/2020\/06\/04\/hommage-a-claudette-sestillange\/"]}]},{"@type":"ImageObject","inLanguage":"fr-FR","@id":"https:\/\/centrevaldeloirebasketballpatrimoine.org\/index.php\/2020\/06\/04\/hommage-a-claudette-sestillange\/#primaryimage","url":"https:\/\/centrevaldeloirebasketballpatrimoine.org\/wp-content\/uploads\/2020\/06\/Hommage-Claudette-Sestillange-scaled.jpg","contentUrl":"https:\/\/centrevaldeloirebasketballpatrimoine.org\/wp-content\/uploads\/2020\/06\/Hommage-Claudette-Sestillange-scaled.jpg","width":2560,"height":1920},{"@type":"BreadcrumbList","@id":"https:\/\/centrevaldeloirebasketballpatrimoine.org\/index.php\/2020\/06\/04\/hommage-a-claudette-sestillange\/#breadcrumb","itemListElement":[{"@type":"ListItem","position":1,"name":"Accueil","item":"https:\/\/centrevaldeloirebasketballpatrimoine.org\/"},{"@type":"ListItem","position":2,"name":"Hommage \u00e0 Claudette Sestillange"}]},{"@type":"WebSite","@id":"https:\/\/centrevaldeloirebasketballpatrimoine.org\/#website","url":"https:\/\/centrevaldeloirebasketballpatrimoine.org\/","name":"","description":"Site officiel Commission Patrimoine de la Ligue Centre-Val de Loire de BasketBall","publisher":{"@id":"https:\/\/centrevaldeloirebasketballpatrimoine.org\/#organization"},"potentialAction":[{"@type":"SearchAction","target":{"@type":"EntryPoint","urlTemplate":"https:\/\/centrevaldeloirebasketballpatrimoine.org\/?s={search_term_string}"},"query-input":{"@type":"PropertyValueSpecification","valueRequired":true,"valueName":"search_term_string"}}],"inLanguage":"fr-FR"},{"@type":"Organization","@id":"https:\/\/centrevaldeloirebasketballpatrimoine.org\/#organization","name":"Patrimoine Basket Ligue Centre-Val de Loire","url":"https:\/\/centrevaldeloirebasketballpatrimoine.org\/","logo":{"@type":"ImageObject","inLanguage":"fr-FR","@id":"https:\/\/centrevaldeloirebasketballpatrimoine.org\/#\/schema\/logo\/image\/","url":"https:\/\/i0.wp.com\/centrevaldeloirebasketballpatrimoine.org\/wp-content\/uploads\/2019\/06\/LigueRegionale-CENTRE-VAL-DE-LOIRE-Vertical-694x1024.jpg?fit=694%2C1024&ssl=1","contentUrl":"https:\/\/i0.wp.com\/centrevaldeloirebasketballpatrimoine.org\/wp-content\/uploads\/2019\/06\/LigueRegionale-CENTRE-VAL-DE-LOIRE-Vertical-694x1024.jpg?fit=694%2C1024&ssl=1","width":694,"height":1024,"caption":"Patrimoine Basket Ligue Centre-Val de Loire"},"image":{"@id":"https:\/\/centrevaldeloirebasketballpatrimoine.org\/#\/schema\/logo\/image\/"},"sameAs":["https:\/\/www.facebook.com\/LigueBasketCentre","https:\/\/x.com\/BasketCentre","https:\/\/www.instagram.com\/liguebasketcentre\/","https:\/\/www.linkedin.com\/company\/ligue-du-centre-val-de-loire-de-basketball"]},{"@type":"Person","@id":"https:\/\/centrevaldeloirebasketballpatrimoine.org\/#\/schema\/person\/3b0eae4e6bef2aae1b3758d30d7404f1","name":"Jacky RAVIER","image":{"@type":"ImageObject","inLanguage":"fr-FR","@id":"https:\/\/secure.gravatar.com\/avatar\/88c6e979d82d3ce8fe0c1d00863f8fa1624cd4283c09ca267c0250728462b17d?s=96&d=mm&r=g","url":"https:\/\/secure.gravatar.com\/avatar\/88c6e979d82d3ce8fe0c1d00863f8fa1624cd4283c09ca267c0250728462b17d?s=96&d=mm&r=g","contentUrl":"https:\/\/secure.gravatar.com\/avatar\/88c6e979d82d3ce8fe0c1d00863f8fa1624cd4283c09ca267c0250728462b17d?s=96&d=mm&r=g","caption":"Jacky RAVIER"},"url":"https:\/\/centrevaldeloirebasketballpatrimoine.org\/index.php\/author\/jravier\/"}]}},"_links":{"self":[{"href":"https:\/\/centrevaldeloirebasketballpatrimoine.org\/index.php\/wp-json\/wp\/v2\/posts\/2766","targetHints":{"allow":["GET"]}}],"collection":[{"href":"https:\/\/centrevaldeloirebasketballpatrimoine.org\/index.php\/wp-json\/wp\/v2\/posts"}],"about":[{"href":"https:\/\/centrevaldeloirebasketballpatrimoine.org\/index.php\/wp-json\/wp\/v2\/types\/post"}],"author":[{"embeddable":true,"href":"https:\/\/centrevaldeloirebasketballpatrimoine.org\/index.php\/wp-json\/wp\/v2\/users\/4"}],"replies":[{"embeddable":true,"href":"https:\/\/centrevaldeloirebasketballpatrimoine.org\/index.php\/wp-json\/wp\/v2\/comments?post=2766"}],"version-history":[{"count":0,"href":"https:\/\/centrevaldeloirebasketballpatrimoine.org\/index.php\/wp-json\/wp\/v2\/posts\/2766\/revisions"}],"wp:featuredmedia":[{"embeddable":true,"href":"https:\/\/centrevaldeloirebasketballpatrimoine.org\/index.php\/wp-json\/wp\/v2\/media\/2767"}],"wp:attachment":[{"href":"https:\/\/centrevaldeloirebasketballpatrimoine.org\/index.php\/wp-json\/wp\/v2\/media?parent=2766"}],"wp:term":[{"taxonomy":"category","embeddable":true,"href":"https:\/\/centrevaldeloirebasketballpatrimoine.org\/index.php\/wp-json\/wp\/v2\/categories?post=2766"},{"taxonomy":"post_tag","embeddable":true,"href":"https:\/\/centrevaldeloirebasketballpatrimoine.org\/index.php\/wp-json\/wp\/v2\/tags?post=2766"}],"curies":[{"name":"wp","href":"https:\/\/api.w.org\/{rel}","templated":true}]}}