{"id":2442,"date":"1926-02-18T07:38:00","date_gmt":"1926-02-18T07:38:00","guid":{"rendered":"https:\/\/centrevaldeloirebasketballpatrimoine.org\/?p=2442"},"modified":"2025-03-09T20:45:19","modified_gmt":"2025-03-09T19:45:19","slug":"du-baskett-au-basket-par-lecho-de-lassociation-jeanne-darc","status":"publish","type":"post","link":"https:\/\/centrevaldeloirebasketballpatrimoine.org\/index.php\/1926\/02\/18\/du-baskett-au-basket-par-lecho-de-lassociation-jeanne-darc\/","title":{"rendered":"Saison 1925-1926 : Du \u00ab\u00a0Baskett\u00a0\u00bb au Basket par L&rsquo;Echo de l&rsquo;Association Jeanne d&rsquo;Arc"},"content":{"rendered":"<div class=\"wp-block-image\">\n<figure class=\"aligncenter size-large is-resized\"><a href=\"https:\/\/centrevaldeloirebasketballpatrimoine.org\/wp-content\/uploads\/2020\/05\/1-Couverture-Echo-Assoc-Jeanne.jpg\" target=\"_blank\" rel=\"noopener noreferrer\"><img decoding=\"async\" data-src=\"https:\/\/centrevaldeloirebasketballpatrimoine.org\/wp-content\/uploads\/2020\/05\/1-Couverture-Echo-Assoc-Jeanne.jpg\" alt=\"\" class=\"wp-image-2444 lazyload\" width=\"384\" height=\"624\" data-srcset=\"https:\/\/centrevaldeloirebasketballpatrimoine.org\/wp-content\/uploads\/2020\/05\/1-Couverture-Echo-Assoc-Jeanne.jpg 472w, https:\/\/centrevaldeloirebasketballpatrimoine.org\/wp-content\/uploads\/2020\/05\/1-Couverture-Echo-Assoc-Jeanne-184x300.jpg 184w\" data-sizes=\"(max-width: 384px) 100vw, 384px\" src=\"data:image\/gif;base64,R0lGODlhAQABAAAAACH5BAEKAAEALAAAAAABAAEAAAICTAEAOw==\" style=\"--smush-placeholder-width: 384px; --smush-placeholder-aspect-ratio: 384\/624;\" \/><\/a><\/figure>\n<\/div>\n\n\n<p><strong><em>Retour en 1926 \u00e0 la date du 2 f\u00e9vrier et celle du 5 mai \u00e0 travers deux articles issus de la presse de l&rsquo;Echo Association Jeanne d&rsquo;Arc<\/em><\/strong>.<strong><em> Le premier article retrace l&rsquo;engouement du Basketball autrefois orthographi\u00e9 \u00ab\u00a0Baskett\u00a0\u00bb, un sport de balle qui avait d\u00e9j\u00e0 le vent en poupe en 1926. Le second article d\u00e9taille le Tournoi qui s&rsquo;est d\u00e9roul\u00e9 les 2 et 3 janvier 1926. <\/em><\/strong><\/p>\n\n\n\n<p>A travers la lecture, nous retrouvons quelques scores de plusieurs rencontres de l&rsquo;\u00e9poque avec l&rsquo;\u00e9vocation de plusieurs clubs du d\u00e9partement de Eure-et-Loir (28) :<\/p>\n\n\n\n<ul class=\"wp-block-list\">\n<li><strong>Illiers<\/strong>,<\/li>\n\n\n\n<li><strong>Saint-Jacques<\/strong> : qui n&rsquo;existe plus aujourd&rsquo;hui,<\/li>\n\n\n\n<li><strong>Chartres<\/strong>, <\/li>\n\n\n\n<li><strong>Alliance de Dreux<\/strong> : qui existe toujours actuellement en 2020,<\/li>\n\n\n\n<li><strong>Luisant<\/strong>,<\/li>\n\n\n\n<li><strong>Carnutes<\/strong>,<\/li>\n\n\n\n<li><strong>Auneau<\/strong>.<\/li>\n<\/ul>\n\n\n\n<h3 class=\"wp-block-heading\"><strong><em>Article du 2 f\u00e9vrier 1926 de l&rsquo;Echo Association Jeanne d&rsquo;Arc<\/em><\/strong><\/h3>\n\n\n\n<figure class=\"wp-block-image size-large\"><img decoding=\"async\" width=\"975\" height=\"1024\" data-src=\"https:\/\/centrevaldeloirebasketballpatrimoine.org\/wp-content\/uploads\/2020\/05\/1-Echo-Assoc-Jeanne-dArc-5-mai-1926-baskett-article-complet-975x1024.jpg\" alt=\"\" class=\"wp-image-2445 lazyload\" data-srcset=\"https:\/\/centrevaldeloirebasketballpatrimoine.org\/wp-content\/uploads\/2020\/05\/1-Echo-Assoc-Jeanne-dArc-5-mai-1926-baskett-article-complet-975x1024.jpg 975w, https:\/\/centrevaldeloirebasketballpatrimoine.org\/wp-content\/uploads\/2020\/05\/1-Echo-Assoc-Jeanne-dArc-5-mai-1926-baskett-article-complet-286x300.jpg 286w, https:\/\/centrevaldeloirebasketballpatrimoine.org\/wp-content\/uploads\/2020\/05\/1-Echo-Assoc-Jeanne-dArc-5-mai-1926-baskett-article-complet-768x807.jpg 768w, https:\/\/centrevaldeloirebasketballpatrimoine.org\/wp-content\/uploads\/2020\/05\/1-Echo-Assoc-Jeanne-dArc-5-mai-1926-baskett-article-complet.jpg 1273w\" data-sizes=\"(max-width: 975px) 100vw, 975px\" src=\"data:image\/gif;base64,R0lGODlhAQABAAAAACH5BAEKAAEALAAAAAABAAEAAAICTAEAOw==\" style=\"--smush-placeholder-width: 975px; --smush-placeholder-aspect-ratio: 975\/1024;\" \/><\/figure>\n\n\n\n<h3 class=\"wp-block-heading\"><strong><em>Article du 5 mai 1926 de l&rsquo;Echo Association Jeanne d&rsquo;Arc<\/em><\/strong><\/h3>\n\n\n\n<p>Le tournoi des 2 et 3 janvier 1926 a concern\u00e9 les \u00e9quipes suivantes :<\/p>\n\n\n\n<ul class=\"wp-block-list\">\n<li><strong>A.S. Guynemer de Paris<\/strong>,<\/li>\n\n\n\n<li><strong>Jeunes Carnutes<\/strong>,<\/li>\n\n\n\n<li><strong>A.J.D.A.<\/strong><\/li>\n\n\n\n<li><strong>J,C.<\/strong><\/li>\n<\/ul>\n\n\n\n<figure class=\"wp-block-image size-large\"><a href=\"https:\/\/centrevaldeloirebasketballpatrimoine.org\/wp-content\/uploads\/2020\/05\/2-Echo-Assoc-Jeanne-dArc-2-f\u00e9vrier-1926-basketttournoi-basket.jpg\" target=\"_blank\" rel=\"noopener noreferrer\"><img decoding=\"async\" width=\"1024\" height=\"477\" data-src=\"https:\/\/centrevaldeloirebasketballpatrimoine.org\/wp-content\/uploads\/2020\/05\/2-Echo-Assoc-Jeanne-dArc-2-f\u00e9vrier-1926-basketttournoi-basket-1024x477.jpg\" alt=\"\" class=\"wp-image-2446 lazyload\" data-srcset=\"https:\/\/centrevaldeloirebasketballpatrimoine.org\/wp-content\/uploads\/2020\/05\/2-Echo-Assoc-Jeanne-dArc-2-f\u00e9vrier-1926-basketttournoi-basket-1024x477.jpg 1024w, https:\/\/centrevaldeloirebasketballpatrimoine.org\/wp-content\/uploads\/2020\/05\/2-Echo-Assoc-Jeanne-dArc-2-f\u00e9vrier-1926-basketttournoi-basket-300x140.jpg 300w, https:\/\/centrevaldeloirebasketballpatrimoine.org\/wp-content\/uploads\/2020\/05\/2-Echo-Assoc-Jeanne-dArc-2-f\u00e9vrier-1926-basketttournoi-basket-768x358.jpg 768w, https:\/\/centrevaldeloirebasketballpatrimoine.org\/wp-content\/uploads\/2020\/05\/2-Echo-Assoc-Jeanne-dArc-2-f\u00e9vrier-1926-basketttournoi-basket-1320x615.jpg 1320w, https:\/\/centrevaldeloirebasketballpatrimoine.org\/wp-content\/uploads\/2020\/05\/2-Echo-Assoc-Jeanne-dArc-2-f\u00e9vrier-1926-basketttournoi-basket.jpg 1381w\" data-sizes=\"(max-width: 1024px) 100vw, 1024px\" src=\"data:image\/gif;base64,R0lGODlhAQABAAAAACH5BAEKAAEALAAAAAABAAEAAAICTAEAOw==\" style=\"--smush-placeholder-width: 1024px; --smush-placeholder-aspect-ratio: 1024\/477;\" \/><\/a><\/figure>\n\n\n\n<p><a rel=\"noreferrer noopener\" href=\"https:\/\/centrevaldeloirebasketballpatrimoine.org\/index.php\/histoire-des-clubs-du-28\/\" target=\"_blank\"><strong>Contenu et suite \u00e0 retrouver sur la page de l\u2019Histoire des Clubs du 28 en cliquant ici<\/strong><\/a><\/p>\n\n\n\n<p class=\"has-text-color has-small-font-size\" style=\"color:#a30000\"><strong><em>Sources : Echo de l&rsquo;Association Jeanne d&rsquo;Arc du 2 f\u00e9vrier 1926 et 5 mai 1926<\/em><\/strong><\/p>\n","protected":false},"excerpt":{"rendered":"<p>Retour en 1926 \u00e0 la date du 2 f\u00e9vrier et celle du 5 mai \u00e0 travers deux articles issus de la presse de l&rsquo;Echo Association Jeanne d&rsquo;Arc. Le premier article [&hellip;]<\/p>\n","protected":false},"author":6,"featured_media":2443,"comment_status":"closed","ping_status":"open","sticky":false,"template":"","format":"standard","meta":{"footnotes":""},"categories":[18],"tags":[],"class_list":["post-2442","post","type-post","status-publish","format-standard","has-post-thumbnail","hentry","category-structures"],"yoast_head":"<!-- This site is optimized with the Yoast SEO plugin v27.5 - https:\/\/yoast.com\/product\/yoast-seo-wordpress\/ -->\n<title>Saison 1925-1926 : Du &quot;Baskett&quot; au Basket par L&#039;Echo de l&#039;Association Jeanne d&#039;Arc - LCVL; Patrimoine<\/title>\n<meta name=\"description\" content=\"Patrimoine historique du basket en r\u00e9gion Centre-Val de Loire.\" \/>\n<meta name=\"robots\" content=\"index, follow, max-snippet:-1, max-image-preview:large, max-video-preview:-1\" \/>\n<link rel=\"canonical\" href=\"https:\/\/centrevaldeloirebasketballpatrimoine.org\/index.php\/1926\/02\/18\/du-baskett-au-basket-par-lecho-de-lassociation-jeanne-darc\/\" \/>\n<meta property=\"og:locale\" content=\"fr_FR\" \/>\n<meta property=\"og:type\" content=\"article\" \/>\n<meta property=\"og:title\" content=\"Saison 1925-1926 : Du &quot;Baskett&quot; au Basket par L&#039;Echo de l&#039;Association Jeanne d&#039;Arc - LCVL; Patrimoine\" \/>\n<meta property=\"og:description\" content=\"Patrimoine historique du basket en r\u00e9gion Centre-Val de Loire.\" \/>\n<meta property=\"og:url\" content=\"https:\/\/centrevaldeloirebasketballpatrimoine.org\/index.php\/1926\/02\/18\/du-baskett-au-basket-par-lecho-de-lassociation-jeanne-darc\/\" \/>\n<meta property=\"article:publisher\" content=\"https:\/\/www.facebook.com\/LigueBasketCentre\" \/>\n<meta property=\"article:published_time\" content=\"1926-02-18T07:38:00+00:00\" \/>\n<meta property=\"article:modified_time\" content=\"2025-03-09T19:45:19+00:00\" \/>\n<meta property=\"og:image\" content=\"https:\/\/centrevaldeloirebasketballpatrimoine.org\/wp-content\/uploads\/2020\/05\/0-Couverture-Echo-Assoc-Jeanne.jpg\" \/>\n\t<meta property=\"og:image:width\" content=\"378\" \/>\n\t<meta property=\"og:image:height\" content=\"227\" \/>\n\t<meta property=\"og:image:type\" content=\"image\/jpeg\" \/>\n<meta name=\"author\" content=\"Elise BARRIER-GUILLOT\" \/>\n<meta name=\"twitter:card\" content=\"summary_large_image\" \/>\n<meta name=\"twitter:creator\" content=\"@BasketCentre\" \/>\n<meta name=\"twitter:site\" content=\"@BasketCentre\" \/>\n<meta name=\"twitter:label1\" content=\"\u00c9crit par\" \/>\n\t<meta name=\"twitter:data1\" content=\"Elise BARRIER-GUILLOT\" \/>\n\t<meta name=\"twitter:label2\" content=\"Dur\u00e9e de lecture estim\u00e9e\" \/>\n\t<meta name=\"twitter:data2\" content=\"2 minutes\" \/>\n<script type=\"application\/ld+json\" class=\"yoast-schema-graph\">{\"@context\":\"https:\\\/\\\/schema.org\",\"@graph\":[{\"@type\":\"Article\",\"@id\":\"https:\\\/\\\/centrevaldeloirebasketballpatrimoine.org\\\/index.php\\\/1926\\\/02\\\/18\\\/du-baskett-au-basket-par-lecho-de-lassociation-jeanne-darc\\\/#article\",\"isPartOf\":{\"@id\":\"https:\\\/\\\/centrevaldeloirebasketballpatrimoine.org\\\/index.php\\\/1926\\\/02\\\/18\\\/du-baskett-au-basket-par-lecho-de-lassociation-jeanne-darc\\\/\"},\"author\":{\"name\":\"Elise BARRIER-GUILLOT\",\"@id\":\"https:\\\/\\\/centrevaldeloirebasketballpatrimoine.org\\\/#\\\/schema\\\/person\\\/2c893d0ea279ba4e59c7844962e20def\"},\"headline\":\"Saison 1925-1926 : Du \u00ab\u00a0Baskett\u00a0\u00bb au Basket par L&rsquo;Echo de l&rsquo;Association Jeanne d&rsquo;Arc\",\"datePublished\":\"1926-02-18T07:38:00+00:00\",\"dateModified\":\"2025-03-09T19:45:19+00:00\",\"mainEntityOfPage\":{\"@id\":\"https:\\\/\\\/centrevaldeloirebasketballpatrimoine.org\\\/index.php\\\/1926\\\/02\\\/18\\\/du-baskett-au-basket-par-lecho-de-lassociation-jeanne-darc\\\/\"},\"wordCount\":197,\"publisher\":{\"@id\":\"https:\\\/\\\/centrevaldeloirebasketballpatrimoine.org\\\/#organization\"},\"image\":{\"@id\":\"https:\\\/\\\/centrevaldeloirebasketballpatrimoine.org\\\/index.php\\\/1926\\\/02\\\/18\\\/du-baskett-au-basket-par-lecho-de-lassociation-jeanne-darc\\\/#primaryimage\"},\"thumbnailUrl\":\"https:\\\/\\\/centrevaldeloirebasketballpatrimoine.org\\\/wp-content\\\/uploads\\\/2020\\\/05\\\/0-Couverture-Echo-Assoc-Jeanne.jpg\",\"articleSection\":[\"Structures\"],\"inLanguage\":\"fr-FR\"},{\"@type\":\"WebPage\",\"@id\":\"https:\\\/\\\/centrevaldeloirebasketballpatrimoine.org\\\/index.php\\\/1926\\\/02\\\/18\\\/du-baskett-au-basket-par-lecho-de-lassociation-jeanne-darc\\\/\",\"url\":\"https:\\\/\\\/centrevaldeloirebasketballpatrimoine.org\\\/index.php\\\/1926\\\/02\\\/18\\\/du-baskett-au-basket-par-lecho-de-lassociation-jeanne-darc\\\/\",\"name\":\"Saison 1925-1926 : Du \\\"Baskett\\\" au Basket par L'Echo de l'Association Jeanne d'Arc - LCVL; Patrimoine\",\"isPartOf\":{\"@id\":\"https:\\\/\\\/centrevaldeloirebasketballpatrimoine.org\\\/#website\"},\"primaryImageOfPage\":{\"@id\":\"https:\\\/\\\/centrevaldeloirebasketballpatrimoine.org\\\/index.php\\\/1926\\\/02\\\/18\\\/du-baskett-au-basket-par-lecho-de-lassociation-jeanne-darc\\\/#primaryimage\"},\"image\":{\"@id\":\"https:\\\/\\\/centrevaldeloirebasketballpatrimoine.org\\\/index.php\\\/1926\\\/02\\\/18\\\/du-baskett-au-basket-par-lecho-de-lassociation-jeanne-darc\\\/#primaryimage\"},\"thumbnailUrl\":\"https:\\\/\\\/centrevaldeloirebasketballpatrimoine.org\\\/wp-content\\\/uploads\\\/2020\\\/05\\\/0-Couverture-Echo-Assoc-Jeanne.jpg\",\"datePublished\":\"1926-02-18T07:38:00+00:00\",\"dateModified\":\"2025-03-09T19:45:19+00:00\",\"description\":\"Patrimoine historique du basket en r\u00e9gion Centre-Val de Loire.\",\"breadcrumb\":{\"@id\":\"https:\\\/\\\/centrevaldeloirebasketballpatrimoine.org\\\/index.php\\\/1926\\\/02\\\/18\\\/du-baskett-au-basket-par-lecho-de-lassociation-jeanne-darc\\\/#breadcrumb\"},\"inLanguage\":\"fr-FR\",\"potentialAction\":[{\"@type\":\"ReadAction\",\"target\":[\"https:\\\/\\\/centrevaldeloirebasketballpatrimoine.org\\\/index.php\\\/1926\\\/02\\\/18\\\/du-baskett-au-basket-par-lecho-de-lassociation-jeanne-darc\\\/\"]}]},{\"@type\":\"ImageObject\",\"inLanguage\":\"fr-FR\",\"@id\":\"https:\\\/\\\/centrevaldeloirebasketballpatrimoine.org\\\/index.php\\\/1926\\\/02\\\/18\\\/du-baskett-au-basket-par-lecho-de-lassociation-jeanne-darc\\\/#primaryimage\",\"url\":\"https:\\\/\\\/centrevaldeloirebasketballpatrimoine.org\\\/wp-content\\\/uploads\\\/2020\\\/05\\\/0-Couverture-Echo-Assoc-Jeanne.jpg\",\"contentUrl\":\"https:\\\/\\\/centrevaldeloirebasketballpatrimoine.org\\\/wp-content\\\/uploads\\\/2020\\\/05\\\/0-Couverture-Echo-Assoc-Jeanne.jpg\",\"width\":378,\"height\":227},{\"@type\":\"BreadcrumbList\",\"@id\":\"https:\\\/\\\/centrevaldeloirebasketballpatrimoine.org\\\/index.php\\\/1926\\\/02\\\/18\\\/du-baskett-au-basket-par-lecho-de-lassociation-jeanne-darc\\\/#breadcrumb\",\"itemListElement\":[{\"@type\":\"ListItem\",\"position\":1,\"name\":\"Accueil\",\"item\":\"https:\\\/\\\/centrevaldeloirebasketballpatrimoine.org\\\/\"},{\"@type\":\"ListItem\",\"position\":2,\"name\":\"Saison 1925-1926 : Du \u00ab\u00a0Baskett\u00a0\u00bb au Basket par L&rsquo;Echo de l&rsquo;Association Jeanne d&rsquo;Arc\"}]},{\"@type\":\"WebSite\",\"@id\":\"https:\\\/\\\/centrevaldeloirebasketballpatrimoine.org\\\/#website\",\"url\":\"https:\\\/\\\/centrevaldeloirebasketballpatrimoine.org\\\/\",\"name\":\"\",\"description\":\"Site officiel Commission Patrimoine de la Ligue Centre-Val de Loire de BasketBall\",\"publisher\":{\"@id\":\"https:\\\/\\\/centrevaldeloirebasketballpatrimoine.org\\\/#organization\"},\"potentialAction\":[{\"@type\":\"SearchAction\",\"target\":{\"@type\":\"EntryPoint\",\"urlTemplate\":\"https:\\\/\\\/centrevaldeloirebasketballpatrimoine.org\\\/?s={search_term_string}\"},\"query-input\":{\"@type\":\"PropertyValueSpecification\",\"valueRequired\":true,\"valueName\":\"search_term_string\"}}],\"inLanguage\":\"fr-FR\"},{\"@type\":\"Organization\",\"@id\":\"https:\\\/\\\/centrevaldeloirebasketballpatrimoine.org\\\/#organization\",\"name\":\"Patrimoine Basket Ligue Centre-Val de Loire\",\"url\":\"https:\\\/\\\/centrevaldeloirebasketballpatrimoine.org\\\/\",\"logo\":{\"@type\":\"ImageObject\",\"inLanguage\":\"fr-FR\",\"@id\":\"https:\\\/\\\/centrevaldeloirebasketballpatrimoine.org\\\/#\\\/schema\\\/logo\\\/image\\\/\",\"url\":\"https:\\\/\\\/i0.wp.com\\\/centrevaldeloirebasketballpatrimoine.org\\\/wp-content\\\/uploads\\\/2019\\\/06\\\/LigueRegionale-CENTRE-VAL-DE-LOIRE-Vertical-694x1024.jpg?fit=694%2C1024&ssl=1\",\"contentUrl\":\"https:\\\/\\\/i0.wp.com\\\/centrevaldeloirebasketballpatrimoine.org\\\/wp-content\\\/uploads\\\/2019\\\/06\\\/LigueRegionale-CENTRE-VAL-DE-LOIRE-Vertical-694x1024.jpg?fit=694%2C1024&ssl=1\",\"width\":694,\"height\":1024,\"caption\":\"Patrimoine Basket Ligue Centre-Val de Loire\"},\"image\":{\"@id\":\"https:\\\/\\\/centrevaldeloirebasketballpatrimoine.org\\\/#\\\/schema\\\/logo\\\/image\\\/\"},\"sameAs\":[\"https:\\\/\\\/www.facebook.com\\\/LigueBasketCentre\",\"https:\\\/\\\/x.com\\\/BasketCentre\",\"https:\\\/\\\/www.instagram.com\\\/liguebasketcentre\\\/\",\"https:\\\/\\\/www.linkedin.com\\\/company\\\/ligue-du-centre-val-de-loire-de-basketball\"]},{\"@type\":\"Person\",\"@id\":\"https:\\\/\\\/centrevaldeloirebasketballpatrimoine.org\\\/#\\\/schema\\\/person\\\/2c893d0ea279ba4e59c7844962e20def\",\"name\":\"Elise BARRIER-GUILLOT\",\"image\":{\"@type\":\"ImageObject\",\"inLanguage\":\"fr-FR\",\"@id\":\"https:\\\/\\\/secure.gravatar.com\\\/avatar\\\/9397535c4230f512e833967b709263b14c0b4d27485ba46b5685afbd4ef6a64d?s=96&d=mm&r=g\",\"url\":\"https:\\\/\\\/secure.gravatar.com\\\/avatar\\\/9397535c4230f512e833967b709263b14c0b4d27485ba46b5685afbd4ef6a64d?s=96&d=mm&r=g\",\"contentUrl\":\"https:\\\/\\\/secure.gravatar.com\\\/avatar\\\/9397535c4230f512e833967b709263b14c0b4d27485ba46b5685afbd4ef6a64d?s=96&d=mm&r=g\",\"caption\":\"Elise BARRIER-GUILLOT\"},\"url\":\"https:\\\/\\\/centrevaldeloirebasketballpatrimoine.org\\\/index.php\\\/author\\\/ebarrier\\\/\"}]}<\/script>\n<!-- \/ Yoast SEO plugin. -->","yoast_head_json":{"title":"Saison 1925-1926 : Du \"Baskett\" au Basket par L'Echo de l'Association Jeanne d'Arc - LCVL; Patrimoine","description":"Patrimoine historique du basket en r\u00e9gion Centre-Val de Loire.","robots":{"index":"index","follow":"follow","max-snippet":"max-snippet:-1","max-image-preview":"max-image-preview:large","max-video-preview":"max-video-preview:-1"},"canonical":"https:\/\/centrevaldeloirebasketballpatrimoine.org\/index.php\/1926\/02\/18\/du-baskett-au-basket-par-lecho-de-lassociation-jeanne-darc\/","og_locale":"fr_FR","og_type":"article","og_title":"Saison 1925-1926 : Du \"Baskett\" au Basket par L'Echo de l'Association Jeanne d'Arc - LCVL; Patrimoine","og_description":"Patrimoine historique du basket en r\u00e9gion Centre-Val de Loire.","og_url":"https:\/\/centrevaldeloirebasketballpatrimoine.org\/index.php\/1926\/02\/18\/du-baskett-au-basket-par-lecho-de-lassociation-jeanne-darc\/","article_publisher":"https:\/\/www.facebook.com\/LigueBasketCentre","article_published_time":"1926-02-18T07:38:00+00:00","article_modified_time":"2025-03-09T19:45:19+00:00","og_image":[{"width":378,"height":227,"url":"https:\/\/centrevaldeloirebasketballpatrimoine.org\/wp-content\/uploads\/2020\/05\/0-Couverture-Echo-Assoc-Jeanne.jpg","type":"image\/jpeg"}],"author":"Elise BARRIER-GUILLOT","twitter_card":"summary_large_image","twitter_creator":"@BasketCentre","twitter_site":"@BasketCentre","twitter_misc":{"\u00c9crit par":"Elise BARRIER-GUILLOT","Dur\u00e9e de lecture estim\u00e9e":"2 minutes"},"schema":{"@context":"https:\/\/schema.org","@graph":[{"@type":"Article","@id":"https:\/\/centrevaldeloirebasketballpatrimoine.org\/index.php\/1926\/02\/18\/du-baskett-au-basket-par-lecho-de-lassociation-jeanne-darc\/#article","isPartOf":{"@id":"https:\/\/centrevaldeloirebasketballpatrimoine.org\/index.php\/1926\/02\/18\/du-baskett-au-basket-par-lecho-de-lassociation-jeanne-darc\/"},"author":{"name":"Elise BARRIER-GUILLOT","@id":"https:\/\/centrevaldeloirebasketballpatrimoine.org\/#\/schema\/person\/2c893d0ea279ba4e59c7844962e20def"},"headline":"Saison 1925-1926 : Du \u00ab\u00a0Baskett\u00a0\u00bb au Basket par L&rsquo;Echo de l&rsquo;Association Jeanne d&rsquo;Arc","datePublished":"1926-02-18T07:38:00+00:00","dateModified":"2025-03-09T19:45:19+00:00","mainEntityOfPage":{"@id":"https:\/\/centrevaldeloirebasketballpatrimoine.org\/index.php\/1926\/02\/18\/du-baskett-au-basket-par-lecho-de-lassociation-jeanne-darc\/"},"wordCount":197,"publisher":{"@id":"https:\/\/centrevaldeloirebasketballpatrimoine.org\/#organization"},"image":{"@id":"https:\/\/centrevaldeloirebasketballpatrimoine.org\/index.php\/1926\/02\/18\/du-baskett-au-basket-par-lecho-de-lassociation-jeanne-darc\/#primaryimage"},"thumbnailUrl":"https:\/\/centrevaldeloirebasketballpatrimoine.org\/wp-content\/uploads\/2020\/05\/0-Couverture-Echo-Assoc-Jeanne.jpg","articleSection":["Structures"],"inLanguage":"fr-FR"},{"@type":"WebPage","@id":"https:\/\/centrevaldeloirebasketballpatrimoine.org\/index.php\/1926\/02\/18\/du-baskett-au-basket-par-lecho-de-lassociation-jeanne-darc\/","url":"https:\/\/centrevaldeloirebasketballpatrimoine.org\/index.php\/1926\/02\/18\/du-baskett-au-basket-par-lecho-de-lassociation-jeanne-darc\/","name":"Saison 1925-1926 : Du \"Baskett\" au Basket par L'Echo de l'Association Jeanne d'Arc - LCVL; Patrimoine","isPartOf":{"@id":"https:\/\/centrevaldeloirebasketballpatrimoine.org\/#website"},"primaryImageOfPage":{"@id":"https:\/\/centrevaldeloirebasketballpatrimoine.org\/index.php\/1926\/02\/18\/du-baskett-au-basket-par-lecho-de-lassociation-jeanne-darc\/#primaryimage"},"image":{"@id":"https:\/\/centrevaldeloirebasketballpatrimoine.org\/index.php\/1926\/02\/18\/du-baskett-au-basket-par-lecho-de-lassociation-jeanne-darc\/#primaryimage"},"thumbnailUrl":"https:\/\/centrevaldeloirebasketballpatrimoine.org\/wp-content\/uploads\/2020\/05\/0-Couverture-Echo-Assoc-Jeanne.jpg","datePublished":"1926-02-18T07:38:00+00:00","dateModified":"2025-03-09T19:45:19+00:00","description":"Patrimoine historique du basket en r\u00e9gion Centre-Val de Loire.","breadcrumb":{"@id":"https:\/\/centrevaldeloirebasketballpatrimoine.org\/index.php\/1926\/02\/18\/du-baskett-au-basket-par-lecho-de-lassociation-jeanne-darc\/#breadcrumb"},"inLanguage":"fr-FR","potentialAction":[{"@type":"ReadAction","target":["https:\/\/centrevaldeloirebasketballpatrimoine.org\/index.php\/1926\/02\/18\/du-baskett-au-basket-par-lecho-de-lassociation-jeanne-darc\/"]}]},{"@type":"ImageObject","inLanguage":"fr-FR","@id":"https:\/\/centrevaldeloirebasketballpatrimoine.org\/index.php\/1926\/02\/18\/du-baskett-au-basket-par-lecho-de-lassociation-jeanne-darc\/#primaryimage","url":"https:\/\/centrevaldeloirebasketballpatrimoine.org\/wp-content\/uploads\/2020\/05\/0-Couverture-Echo-Assoc-Jeanne.jpg","contentUrl":"https:\/\/centrevaldeloirebasketballpatrimoine.org\/wp-content\/uploads\/2020\/05\/0-Couverture-Echo-Assoc-Jeanne.jpg","width":378,"height":227},{"@type":"BreadcrumbList","@id":"https:\/\/centrevaldeloirebasketballpatrimoine.org\/index.php\/1926\/02\/18\/du-baskett-au-basket-par-lecho-de-lassociation-jeanne-darc\/#breadcrumb","itemListElement":[{"@type":"ListItem","position":1,"name":"Accueil","item":"https:\/\/centrevaldeloirebasketballpatrimoine.org\/"},{"@type":"ListItem","position":2,"name":"Saison 1925-1926 : Du \u00ab\u00a0Baskett\u00a0\u00bb au Basket par L&rsquo;Echo de l&rsquo;Association Jeanne d&rsquo;Arc"}]},{"@type":"WebSite","@id":"https:\/\/centrevaldeloirebasketballpatrimoine.org\/#website","url":"https:\/\/centrevaldeloirebasketballpatrimoine.org\/","name":"","description":"Site officiel Commission Patrimoine de la Ligue Centre-Val de Loire de BasketBall","publisher":{"@id":"https:\/\/centrevaldeloirebasketballpatrimoine.org\/#organization"},"potentialAction":[{"@type":"SearchAction","target":{"@type":"EntryPoint","urlTemplate":"https:\/\/centrevaldeloirebasketballpatrimoine.org\/?s={search_term_string}"},"query-input":{"@type":"PropertyValueSpecification","valueRequired":true,"valueName":"search_term_string"}}],"inLanguage":"fr-FR"},{"@type":"Organization","@id":"https:\/\/centrevaldeloirebasketballpatrimoine.org\/#organization","name":"Patrimoine Basket Ligue Centre-Val de Loire","url":"https:\/\/centrevaldeloirebasketballpatrimoine.org\/","logo":{"@type":"ImageObject","inLanguage":"fr-FR","@id":"https:\/\/centrevaldeloirebasketballpatrimoine.org\/#\/schema\/logo\/image\/","url":"https:\/\/i0.wp.com\/centrevaldeloirebasketballpatrimoine.org\/wp-content\/uploads\/2019\/06\/LigueRegionale-CENTRE-VAL-DE-LOIRE-Vertical-694x1024.jpg?fit=694%2C1024&ssl=1","contentUrl":"https:\/\/i0.wp.com\/centrevaldeloirebasketballpatrimoine.org\/wp-content\/uploads\/2019\/06\/LigueRegionale-CENTRE-VAL-DE-LOIRE-Vertical-694x1024.jpg?fit=694%2C1024&ssl=1","width":694,"height":1024,"caption":"Patrimoine Basket Ligue Centre-Val de Loire"},"image":{"@id":"https:\/\/centrevaldeloirebasketballpatrimoine.org\/#\/schema\/logo\/image\/"},"sameAs":["https:\/\/www.facebook.com\/LigueBasketCentre","https:\/\/x.com\/BasketCentre","https:\/\/www.instagram.com\/liguebasketcentre\/","https:\/\/www.linkedin.com\/company\/ligue-du-centre-val-de-loire-de-basketball"]},{"@type":"Person","@id":"https:\/\/centrevaldeloirebasketballpatrimoine.org\/#\/schema\/person\/2c893d0ea279ba4e59c7844962e20def","name":"Elise BARRIER-GUILLOT","image":{"@type":"ImageObject","inLanguage":"fr-FR","@id":"https:\/\/secure.gravatar.com\/avatar\/9397535c4230f512e833967b709263b14c0b4d27485ba46b5685afbd4ef6a64d?s=96&d=mm&r=g","url":"https:\/\/secure.gravatar.com\/avatar\/9397535c4230f512e833967b709263b14c0b4d27485ba46b5685afbd4ef6a64d?s=96&d=mm&r=g","contentUrl":"https:\/\/secure.gravatar.com\/avatar\/9397535c4230f512e833967b709263b14c0b4d27485ba46b5685afbd4ef6a64d?s=96&d=mm&r=g","caption":"Elise BARRIER-GUILLOT"},"url":"https:\/\/centrevaldeloirebasketballpatrimoine.org\/index.php\/author\/ebarrier\/"}]}},"_links":{"self":[{"href":"https:\/\/centrevaldeloirebasketballpatrimoine.org\/index.php\/wp-json\/wp\/v2\/posts\/2442","targetHints":{"allow":["GET"]}}],"collection":[{"href":"https:\/\/centrevaldeloirebasketballpatrimoine.org\/index.php\/wp-json\/wp\/v2\/posts"}],"about":[{"href":"https:\/\/centrevaldeloirebasketballpatrimoine.org\/index.php\/wp-json\/wp\/v2\/types\/post"}],"author":[{"embeddable":true,"href":"https:\/\/centrevaldeloirebasketballpatrimoine.org\/index.php\/wp-json\/wp\/v2\/users\/6"}],"replies":[{"embeddable":true,"href":"https:\/\/centrevaldeloirebasketballpatrimoine.org\/index.php\/wp-json\/wp\/v2\/comments?post=2442"}],"version-history":[{"count":0,"href":"https:\/\/centrevaldeloirebasketballpatrimoine.org\/index.php\/wp-json\/wp\/v2\/posts\/2442\/revisions"}],"wp:featuredmedia":[{"embeddable":true,"href":"https:\/\/centrevaldeloirebasketballpatrimoine.org\/index.php\/wp-json\/wp\/v2\/media\/2443"}],"wp:attachment":[{"href":"https:\/\/centrevaldeloirebasketballpatrimoine.org\/index.php\/wp-json\/wp\/v2\/media?parent=2442"}],"wp:term":[{"taxonomy":"category","embeddable":true,"href":"https:\/\/centrevaldeloirebasketballpatrimoine.org\/index.php\/wp-json\/wp\/v2\/categories?post=2442"},{"taxonomy":"post_tag","embeddable":true,"href":"https:\/\/centrevaldeloirebasketballpatrimoine.org\/index.php\/wp-json\/wp\/v2\/tags?post=2442"}],"curies":[{"name":"wp","href":"https:\/\/api.w.org\/{rel}","templated":true}]}}