{"id":1798,"date":"2020-03-18T15:52:48","date_gmt":"2020-03-18T14:52:48","guid":{"rendered":"https:\/\/centrevaldeloirebasketballpatrimoine.org\/?p=1798"},"modified":"2020-05-04T14:49:35","modified_gmt":"2020-05-04T12:49:35","slug":"rencontre-de-maurice-chafiol-le-27-novembre-2019-partie-5","status":"publish","type":"post","link":"https:\/\/centrevaldeloirebasketballpatrimoine.org\/index.php\/2020\/03\/18\/rencontre-de-maurice-chafiol-le-27-novembre-2019-partie-5\/","title":{"rendered":"Rencontre de Maurice CHAFIOL le 27 novembre 2019 : Partie 5"},"content":{"rendered":"\n<p><strong><em>La Commission Patrimoine de la Ligue du Centre-Val de Loire de Basketball s\u2019est rendue \u00e0 Bourges le mercredi 27 novembre 2019 apr\u00e8s-midi, aupr\u00e8s de Maurice CHAFIOL avec sa femme et sa fille pour les rencontrer.<\/em><\/strong> <\/p>\n\n\n\n<div class=\"wp-block-image\"><figure class=\"aligncenter size-large is-resized\"><img decoding=\"async\" data-src=\"https:\/\/centrevaldeloirebasketballpatrimoine.org\/wp-content\/uploads\/2020\/03\/2-Maurice-CHAFIOL2-Couverture.jpg\" alt=\"\" class=\"wp-image-1810 lazyload\" width=\"480\" height=\"308\" data-srcset=\"https:\/\/centrevaldeloirebasketballpatrimoine.org\/wp-content\/uploads\/2020\/03\/2-Maurice-CHAFIOL2-Couverture.jpg 359w, https:\/\/centrevaldeloirebasketballpatrimoine.org\/wp-content\/uploads\/2020\/03\/2-Maurice-CHAFIOL2-Couverture-300x192.jpg 300w\" data-sizes=\"(max-width: 480px) 100vw, 480px\" src=\"data:image\/gif;base64,R0lGODlhAQABAAAAACH5BAEKAAEALAAAAAABAAEAAAICTAEAOw==\" style=\"--smush-placeholder-width: 480px; --smush-placeholder-aspect-ratio: 480\/308;\" \/><figcaption>Maurice CHAFIOL le 27 novembre 2019 \u00e0 BOURGES<\/figcaption><\/figure><\/div>\n\n\n\n<h3 class=\"wp-block-heading\"><strong>La carri\u00e8re de Maurice CHAFIOL<\/strong><\/h3>\n\n\n\n<p style=\"color:#a30000\" class=\"has-text-color\"><strong>Comment est-on pass\u00e9 de l\u2019US Berry au\nCercle Jean Mac\u00e9 de Bourges&nbsp;?<\/strong><\/p>\n\n\n\n<p><em>L\u2019US Berry \u00e9tait un club omnisport. Pour cr\u00e9er le Cercle Jean Mac\u00e9, il\na fallu faire des Assembl\u00e9es G\u00e9n\u00e9rales en 1967.<\/em><\/p>\n\n\n\n<p><em>Le Cercle Jean Mac\u00e9 comprenait une section gar\u00e7ons et une section\nfilles. Le Pr\u00e9sident du Cercle Jean Mac\u00e9, Patrick DORY a d\u00e9clar\u00e9 \u00ab&nbsp;on n\u2019a\npas les moyens de faire les deux sections gar\u00e7ons et filles,&nbsp;\u00bb. Patrick\nDORY est venu voir Jean-Claude BOIS alors Pr\u00e9sident de la Ligue,pour lui\ndemander conseil. Jean-Claude BOIS lui a dit qu\u2019il \u00e9tait hors de question avec\nle club de Bourges qui avait d\u00e9j\u00e0 une section foot, avec une population de\n46&nbsp;000 habitants \u00e0 l\u2019\u00e9poque, de faire une deuxi\u00e8me \u00e9quipe de gar\u00e7ons de\nhaut niveau. La seule chance c\u2019est de maintenir une section f\u00e9minine alors que\nles anciens souhaitaient faire des \u00e9quipes de gar\u00e7ons.<\/em><\/p>\n\n\n\n<p><em>J\u2019entrainais les filles du club et celles de l\u2019UNSS.<\/em><\/p>\n\n\n\n<p><em>Avec ces \u00e9quipes de Bourges et Vierzon, elles sont mont\u00e9es\nprogressivement jusqu\u2019o\u00f9 elles sont aujourd\u2019hui.<\/em><\/p>\n\n\n\n<p style=\"color:#a30000\" class=\"has-text-color\"><strong>Avez-vous \u00e9t\u00e9 arbitre \/ coach&nbsp;?<\/strong><\/p>\n\n\n\n<p><em>Cela a commenc\u00e9 au Lyc\u00e9e&nbsp; Saint\nExup\u00e9ry, de Bourges J\u2019\u00e9tais \u00e0 la base de la cr\u00e9ation des sections sportives et\ndu CERHN. Il y avait pas mal de difficult\u00e9s sur le plan scolaire car la\ndirection de l\u2019\u00e9tablissement ne voulait pas parler d\u2019am\u00e9nagement des horaires.<\/em><\/p>\n\n\n\n<p><em>J\u2019ai \u00e9t\u00e9 ensuite au lyc\u00e9e Marguerite de NAVARRE, puis au lyc\u00e9e Alain\nFOURNIER. Finalement le CREPS de Bourges s\u2019est form\u00e9 l\u00e0.<\/em><\/p>\n\n\n\n<p><em>&nbsp;A l\u2019\u00e9poque on tombait dans des \u00e9tablissements o\u00f9 il n\u2019y avait\naucune infrastructure sportive. Il n\u2019y avait m\u00eame pas de gymnase au lyc\u00e9e Alain\nFOURNIER, il n\u2019y avait rien. On \u00e9tait appel\u00e9 \u00e0 jouer sur des espaces r\u00e9duits,\nsi bien que le basket s\u2019adaptait bien dans un espace r\u00e9duit, comme le handball\n\u00e0 sept qui est venu remplacer le handball \u00e0 onze qui se pratiquait sur des terrains\nde foot, ce qui \u00e9tait beaucoup plus difficile.<\/em><\/p>\n\n\n\n<p><em>Je me suis longtemps occup\u00e9 du CERHN.&nbsp;\nLes classes \u00e9taient \u00e0 horaires am\u00e9nag\u00e9es en section sport-\u00e9tudes.<\/em><\/p>\n\n\n\n<p><em>A l\u2019\u00e9poque, les P\u00f4les Espoirs masculins et f\u00e9minins \u00e9taient implant\u00e9s \u00e0\nOrl\u00e9ans. Plus tard, la Ligue a d\u00e9cid\u00e9 d\u2019implanter le P\u00f4le Espoir f\u00e9minin \u00e0\nBourges et le P\u00f4le Espoir masculin \u00e0 Tours.<\/em><\/p>\n\n\n\n<p><em>Je me suis longtemps occup\u00e9 du P\u00f4le Espoir puisque j\u2019accueillais les\nfilles de l\u2019internat lorsqu\u2019elles ne pouvaient pas rentrer chez elles.<\/em><\/p>\n\n\n\n<p><em>Les filles \u00e9taient scolaris\u00e9es au coll\u00e8ge Saint EXUPERY. L\u2019encadrement\n\u00e9tait assur\u00e9 par Brigitte COSTE. Les filles ext\u00e9rieures \u00e0 Bourges \u00e9taient\nh\u00e9berg\u00e9es au lyc\u00e9e Marguerite de&nbsp;NAVARRE parce qu\u2019il y avait un internat.<\/em><\/p>\n\n\n\n<p><em>Le probl\u00e8me c\u2019\u00e9tait que pendant les vacances, le basket continuait \u00e0\nfonctionner mais l\u2019internat fermait. Donc je r\u00e9cup\u00e9rais plusieurs stagiaires\ndans ma maison le dimanche soir.<\/em><\/p>\n\n\n\n<p>Maurice a cr\u00e9\u00e9 une \u00e9quipe UNSS\navec le centre de formation de du CJM Bourges. Les filles \u00e9taient toutes\nconcentr\u00e9es dans le m\u00eame lyc\u00e9e. Le Centre de Formation n\u2019\u00e9tait pas une\nstructure nationale d\u2019\u00c9tat, c&rsquo;\u00e9tait une structure club.&nbsp; Avec ces filles est n\u00e9e l\u2019\u00e9quipe UNSS qui a\n\u00e9t\u00e9 Championne du monde.<\/p>\n\n\n\n<p>Les frais engendr\u00e9s par les\ncomp\u00e9titions UNSS \u00e9taient \u00e0 la charge du club. Au bout d\u2019un moment, le club ne\npouvait pas suivre financi\u00e8rement.<\/p>\n\n\n\n<p style=\"color:#a30000\" class=\"has-text-color\"><strong>Avez-vous donc encadr\u00e9 le P\u00f4le Espoirs&nbsp;?<\/strong><\/p>\n\n\n\n<p><em>J\u2019\u00e9tais responsable de l\u2019organisation mat\u00e9rielle. Par exemple, j\u2019allais\nchercher les stagiaires \u00e0 la gare pour les amener \u00e0 l\u2019h\u00e9bergement du P\u00f4le.\nL\u2019encadrement technique du P\u00f4le a \u00e9t\u00e9 successivement assur\u00e9 par des\ntechniciens&nbsp;: Brigitte COSTE, Olivier HIRSCH, Alain BOUREAUD et Florence\nLENDEMAINE.<\/em><\/p>\n\n\n\n<p style=\"color:#a30000\" class=\"has-text-color\"><strong>Avez-vous coach\u00e9 gar\u00e7ons et filles&nbsp;?<\/strong><\/p>\n\n\n\n<p><em>Au d\u00e9but j\u2019ai entrain\u00e9 les gar\u00e7ons car il n\u2019y avait pas de lyc\u00e9e mixte\n\u00e0 l\u2019\u00e9poque. Il y a un gar\u00e7on, qui me consid\u00e9rait comme son p\u00e8re spirituel. Il\nm\u2019a dit qu\u2019il aurait \u00e9t\u00e9 un voyou si je n\u2019avais pas \u00e9t\u00e9 l\u00e0. C\u2019\u00e9tait un joueur\ndu CMJ Bourges qui a jou\u00e9 au niveau r\u00e9gional.<\/em><\/p>\n\n\n\n<h3 class=\"wp-block-heading\"><strong>Anecdote<\/strong><\/h3>\n\n\n\n<p class=\"has-text-color has-primary-color\"><em>Le prof de gym qui \u00e9tait au Conseil d\u2019Administration, m\u2019a inform\u00e9, que\nl\u2019un de mes \u00e9l\u00e8ves tr\u00e8s bons en sport avait des notes excellentes en maths. Ce\ngar\u00e7on avait eu des rapports avec une fille, qu\u2019il avait mise enceinte. Le\nprofesseur principal, en cons\u00e9quence, lui a refus\u00e9 toute reconnaissance<\/em><\/p>\n\n\n\n<p class=\"has-text-color has-primary-color\"><em>J\u2019ai dit \u00e0 cet \u00e9l\u00e8ve&nbsp;: \u00ab&nbsp;Ecoute, avec tes dipl\u00f4mes, tu vas\naller \u00e0 l\u2019ENSA \u00e0 Lyon et tu feras ta carri\u00e8re et on va t\u2019aider.&nbsp;\u00bb Mon\n\u00e9pouse et moi, nous lui avons donn\u00e9 du mat\u00e9riel pour qu\u2019il puisse continuer \u00e0\nvivre. C\u2019\u00e9tait en 1964.<\/em><\/p>\n\n\n\n<p class=\"has-text-color has-primary-color\"><em>Le 1<sup>er<\/sup> septembre 2019, j\u2019ai re\u00e7u une lettre de sa part. Il m\u2019a racont\u00e9 sa vie. Il \u00e9tait ing\u00e9nieur et avait eu plusieurs enfants avec cette femme. J\u2019ai \u00e9t\u00e9 tr\u00e8s \u00e9mu et j\u2019en ai presque pleur\u00e9.<\/em><\/p>\n\n\n\n<figure class=\"wp-block-image size-large\"><img decoding=\"async\" width=\"860\" height=\"871\" data-src=\"https:\/\/centrevaldeloirebasketballpatrimoine.org\/wp-content\/uploads\/2020\/03\/5-Maurice-CHAFIOL.jpg\" alt=\"\" class=\"wp-image-1799 lazyload\" data-srcset=\"https:\/\/centrevaldeloirebasketballpatrimoine.org\/wp-content\/uploads\/2020\/03\/5-Maurice-CHAFIOL.jpg 860w, https:\/\/centrevaldeloirebasketballpatrimoine.org\/wp-content\/uploads\/2020\/03\/5-Maurice-CHAFIOL-296x300.jpg 296w, https:\/\/centrevaldeloirebasketballpatrimoine.org\/wp-content\/uploads\/2020\/03\/5-Maurice-CHAFIOL-768x778.jpg 768w\" data-sizes=\"(max-width: 860px) 100vw, 860px\" src=\"data:image\/gif;base64,R0lGODlhAQABAAAAACH5BAEKAAEALAAAAAABAAEAAAICTAEAOw==\" style=\"--smush-placeholder-width: 860px; --smush-placeholder-aspect-ratio: 860\/871;\" \/><\/figure>\n\n\n\n<figure class=\"wp-block-image size-large\"><img decoding=\"async\" width=\"822\" height=\"1024\" data-src=\"https:\/\/centrevaldeloirebasketballpatrimoine.org\/wp-content\/uploads\/2020\/03\/6-Maurice-CHAFIOL-822x1024.jpg\" alt=\"\" class=\"wp-image-1800 lazyload\" data-srcset=\"https:\/\/centrevaldeloirebasketballpatrimoine.org\/wp-content\/uploads\/2020\/03\/6-Maurice-CHAFIOL-822x1024.jpg 822w, https:\/\/centrevaldeloirebasketballpatrimoine.org\/wp-content\/uploads\/2020\/03\/6-Maurice-CHAFIOL-241x300.jpg 241w, https:\/\/centrevaldeloirebasketballpatrimoine.org\/wp-content\/uploads\/2020\/03\/6-Maurice-CHAFIOL-768x957.jpg 768w, https:\/\/centrevaldeloirebasketballpatrimoine.org\/wp-content\/uploads\/2020\/03\/6-Maurice-CHAFIOL.jpg 893w\" data-sizes=\"(max-width: 822px) 100vw, 822px\" src=\"data:image\/gif;base64,R0lGODlhAQABAAAAACH5BAEKAAEALAAAAAABAAEAAAICTAEAOw==\" style=\"--smush-placeholder-width: 822px; --smush-placeholder-aspect-ratio: 822\/1024;\" \/><\/figure>\n\n\n\n<p style=\"color:#a30000\" class=\"has-text-color\"><em><strong>Sources : Interview r\u00e9alis\u00e9e par Elise BARRIER-GUILLOT et Jacky RAVIER le 27 novembre 2019<\/strong><\/em><\/p>\n","protected":false},"excerpt":{"rendered":"<p>La Commission Patrimoine de la Ligue du Centre-Val de Loire de Basketball s\u2019est rendue \u00e0 Bourges le mercredi 27 novembre 2019 apr\u00e8s-midi, aupr\u00e8s de Maurice CHAFIOL avec sa femme et [&hellip;]<\/p>\n","protected":false},"author":6,"featured_media":1799,"comment_status":"open","ping_status":"open","sticky":false,"template":"","format":"standard","meta":{"footnotes":""},"categories":[17],"tags":[],"class_list":["post-1798","post","type-post","status-publish","format-standard","has-post-thumbnail","hentry","category-acteurs"],"yoast_head":"<!-- This site is optimized with the Yoast SEO plugin v27.5 - https:\/\/yoast.com\/product\/yoast-seo-wordpress\/ -->\n<title>Rencontre de Maurice CHAFIOL le 27 novembre 2019 : Partie 5 - LCVL; Patrimoine<\/title>\n<meta name=\"description\" content=\"Patrimoine historique du basket en r\u00e9gion Centre-Val de Loire.\" \/>\n<meta name=\"robots\" content=\"index, follow, max-snippet:-1, max-image-preview:large, max-video-preview:-1\" \/>\n<link rel=\"canonical\" href=\"https:\/\/centrevaldeloirebasketballpatrimoine.org\/index.php\/2020\/03\/18\/rencontre-de-maurice-chafiol-le-27-novembre-2019-partie-5\/\" \/>\n<meta property=\"og:locale\" content=\"fr_FR\" \/>\n<meta property=\"og:type\" content=\"article\" \/>\n<meta property=\"og:title\" content=\"Rencontre de Maurice CHAFIOL le 27 novembre 2019 : Partie 5 - LCVL; Patrimoine\" \/>\n<meta property=\"og:description\" content=\"Patrimoine historique du basket en r\u00e9gion Centre-Val de Loire.\" \/>\n<meta property=\"og:url\" content=\"https:\/\/centrevaldeloirebasketballpatrimoine.org\/index.php\/2020\/03\/18\/rencontre-de-maurice-chafiol-le-27-novembre-2019-partie-5\/\" \/>\n<meta property=\"article:publisher\" content=\"https:\/\/www.facebook.com\/LigueBasketCentre\" \/>\n<meta property=\"article:published_time\" content=\"2020-03-18T14:52:48+00:00\" \/>\n<meta property=\"article:modified_time\" content=\"2020-05-04T12:49:35+00:00\" \/>\n<meta property=\"og:image\" content=\"https:\/\/centrevaldeloirebasketballpatrimoine.org\/wp-content\/uploads\/2020\/03\/5-Maurice-CHAFIOL.jpg\" \/>\n\t<meta property=\"og:image:width\" content=\"860\" \/>\n\t<meta property=\"og:image:height\" content=\"871\" \/>\n\t<meta property=\"og:image:type\" content=\"image\/jpeg\" \/>\n<meta name=\"author\" content=\"Elise BARRIER-GUILLOT\" \/>\n<meta name=\"twitter:card\" content=\"summary_large_image\" \/>\n<meta name=\"twitter:creator\" content=\"@BasketCentre\" \/>\n<meta name=\"twitter:site\" content=\"@BasketCentre\" \/>\n<meta name=\"twitter:label1\" content=\"\u00c9crit par\" \/>\n\t<meta name=\"twitter:data1\" content=\"Elise BARRIER-GUILLOT\" \/>\n\t<meta name=\"twitter:label2\" content=\"Dur\u00e9e de lecture estim\u00e9e\" \/>\n\t<meta name=\"twitter:data2\" content=\"5 minutes\" \/>\n<script type=\"application\/ld+json\" class=\"yoast-schema-graph\">{\"@context\":\"https:\\\/\\\/schema.org\",\"@graph\":[{\"@type\":\"Article\",\"@id\":\"https:\\\/\\\/centrevaldeloirebasketballpatrimoine.org\\\/index.php\\\/2020\\\/03\\\/18\\\/rencontre-de-maurice-chafiol-le-27-novembre-2019-partie-5\\\/#article\",\"isPartOf\":{\"@id\":\"https:\\\/\\\/centrevaldeloirebasketballpatrimoine.org\\\/index.php\\\/2020\\\/03\\\/18\\\/rencontre-de-maurice-chafiol-le-27-novembre-2019-partie-5\\\/\"},\"author\":{\"name\":\"Elise BARRIER-GUILLOT\",\"@id\":\"https:\\\/\\\/centrevaldeloirebasketballpatrimoine.org\\\/#\\\/schema\\\/person\\\/2c893d0ea279ba4e59c7844962e20def\"},\"headline\":\"Rencontre de Maurice CHAFIOL le 27 novembre 2019 : Partie 5\",\"datePublished\":\"2020-03-18T14:52:48+00:00\",\"dateModified\":\"2020-05-04T12:49:35+00:00\",\"mainEntityOfPage\":{\"@id\":\"https:\\\/\\\/centrevaldeloirebasketballpatrimoine.org\\\/index.php\\\/2020\\\/03\\\/18\\\/rencontre-de-maurice-chafiol-le-27-novembre-2019-partie-5\\\/\"},\"wordCount\":946,\"commentCount\":0,\"publisher\":{\"@id\":\"https:\\\/\\\/centrevaldeloirebasketballpatrimoine.org\\\/#organization\"},\"image\":{\"@id\":\"https:\\\/\\\/centrevaldeloirebasketballpatrimoine.org\\\/index.php\\\/2020\\\/03\\\/18\\\/rencontre-de-maurice-chafiol-le-27-novembre-2019-partie-5\\\/#primaryimage\"},\"thumbnailUrl\":\"https:\\\/\\\/centrevaldeloirebasketballpatrimoine.org\\\/wp-content\\\/uploads\\\/2020\\\/03\\\/5-Maurice-CHAFIOL.jpg\",\"articleSection\":[\"Acteurs\"],\"inLanguage\":\"fr-FR\",\"potentialAction\":[{\"@type\":\"CommentAction\",\"name\":\"Comment\",\"target\":[\"https:\\\/\\\/centrevaldeloirebasketballpatrimoine.org\\\/index.php\\\/2020\\\/03\\\/18\\\/rencontre-de-maurice-chafiol-le-27-novembre-2019-partie-5\\\/#respond\"]}]},{\"@type\":\"WebPage\",\"@id\":\"https:\\\/\\\/centrevaldeloirebasketballpatrimoine.org\\\/index.php\\\/2020\\\/03\\\/18\\\/rencontre-de-maurice-chafiol-le-27-novembre-2019-partie-5\\\/\",\"url\":\"https:\\\/\\\/centrevaldeloirebasketballpatrimoine.org\\\/index.php\\\/2020\\\/03\\\/18\\\/rencontre-de-maurice-chafiol-le-27-novembre-2019-partie-5\\\/\",\"name\":\"Rencontre de Maurice CHAFIOL le 27 novembre 2019 : Partie 5 - LCVL; Patrimoine\",\"isPartOf\":{\"@id\":\"https:\\\/\\\/centrevaldeloirebasketballpatrimoine.org\\\/#website\"},\"primaryImageOfPage\":{\"@id\":\"https:\\\/\\\/centrevaldeloirebasketballpatrimoine.org\\\/index.php\\\/2020\\\/03\\\/18\\\/rencontre-de-maurice-chafiol-le-27-novembre-2019-partie-5\\\/#primaryimage\"},\"image\":{\"@id\":\"https:\\\/\\\/centrevaldeloirebasketballpatrimoine.org\\\/index.php\\\/2020\\\/03\\\/18\\\/rencontre-de-maurice-chafiol-le-27-novembre-2019-partie-5\\\/#primaryimage\"},\"thumbnailUrl\":\"https:\\\/\\\/centrevaldeloirebasketballpatrimoine.org\\\/wp-content\\\/uploads\\\/2020\\\/03\\\/5-Maurice-CHAFIOL.jpg\",\"datePublished\":\"2020-03-18T14:52:48+00:00\",\"dateModified\":\"2020-05-04T12:49:35+00:00\",\"description\":\"Patrimoine historique du basket en r\u00e9gion Centre-Val de Loire.\",\"breadcrumb\":{\"@id\":\"https:\\\/\\\/centrevaldeloirebasketballpatrimoine.org\\\/index.php\\\/2020\\\/03\\\/18\\\/rencontre-de-maurice-chafiol-le-27-novembre-2019-partie-5\\\/#breadcrumb\"},\"inLanguage\":\"fr-FR\",\"potentialAction\":[{\"@type\":\"ReadAction\",\"target\":[\"https:\\\/\\\/centrevaldeloirebasketballpatrimoine.org\\\/index.php\\\/2020\\\/03\\\/18\\\/rencontre-de-maurice-chafiol-le-27-novembre-2019-partie-5\\\/\"]}]},{\"@type\":\"ImageObject\",\"inLanguage\":\"fr-FR\",\"@id\":\"https:\\\/\\\/centrevaldeloirebasketballpatrimoine.org\\\/index.php\\\/2020\\\/03\\\/18\\\/rencontre-de-maurice-chafiol-le-27-novembre-2019-partie-5\\\/#primaryimage\",\"url\":\"https:\\\/\\\/centrevaldeloirebasketballpatrimoine.org\\\/wp-content\\\/uploads\\\/2020\\\/03\\\/5-Maurice-CHAFIOL.jpg\",\"contentUrl\":\"https:\\\/\\\/centrevaldeloirebasketballpatrimoine.org\\\/wp-content\\\/uploads\\\/2020\\\/03\\\/5-Maurice-CHAFIOL.jpg\",\"width\":860,\"height\":871},{\"@type\":\"BreadcrumbList\",\"@id\":\"https:\\\/\\\/centrevaldeloirebasketballpatrimoine.org\\\/index.php\\\/2020\\\/03\\\/18\\\/rencontre-de-maurice-chafiol-le-27-novembre-2019-partie-5\\\/#breadcrumb\",\"itemListElement\":[{\"@type\":\"ListItem\",\"position\":1,\"name\":\"Accueil\",\"item\":\"https:\\\/\\\/centrevaldeloirebasketballpatrimoine.org\\\/\"},{\"@type\":\"ListItem\",\"position\":2,\"name\":\"Rencontre de Maurice CHAFIOL le 27 novembre 2019 : Partie 5\"}]},{\"@type\":\"WebSite\",\"@id\":\"https:\\\/\\\/centrevaldeloirebasketballpatrimoine.org\\\/#website\",\"url\":\"https:\\\/\\\/centrevaldeloirebasketballpatrimoine.org\\\/\",\"name\":\"\",\"description\":\"Site officiel Commission Patrimoine de la Ligue Centre-Val de Loire de BasketBall\",\"publisher\":{\"@id\":\"https:\\\/\\\/centrevaldeloirebasketballpatrimoine.org\\\/#organization\"},\"potentialAction\":[{\"@type\":\"SearchAction\",\"target\":{\"@type\":\"EntryPoint\",\"urlTemplate\":\"https:\\\/\\\/centrevaldeloirebasketballpatrimoine.org\\\/?s={search_term_string}\"},\"query-input\":{\"@type\":\"PropertyValueSpecification\",\"valueRequired\":true,\"valueName\":\"search_term_string\"}}],\"inLanguage\":\"fr-FR\"},{\"@type\":\"Organization\",\"@id\":\"https:\\\/\\\/centrevaldeloirebasketballpatrimoine.org\\\/#organization\",\"name\":\"Patrimoine Basket Ligue Centre-Val de Loire\",\"url\":\"https:\\\/\\\/centrevaldeloirebasketballpatrimoine.org\\\/\",\"logo\":{\"@type\":\"ImageObject\",\"inLanguage\":\"fr-FR\",\"@id\":\"https:\\\/\\\/centrevaldeloirebasketballpatrimoine.org\\\/#\\\/schema\\\/logo\\\/image\\\/\",\"url\":\"https:\\\/\\\/i0.wp.com\\\/centrevaldeloirebasketballpatrimoine.org\\\/wp-content\\\/uploads\\\/2019\\\/06\\\/LigueRegionale-CENTRE-VAL-DE-LOIRE-Vertical-694x1024.jpg?fit=694%2C1024&ssl=1\",\"contentUrl\":\"https:\\\/\\\/i0.wp.com\\\/centrevaldeloirebasketballpatrimoine.org\\\/wp-content\\\/uploads\\\/2019\\\/06\\\/LigueRegionale-CENTRE-VAL-DE-LOIRE-Vertical-694x1024.jpg?fit=694%2C1024&ssl=1\",\"width\":694,\"height\":1024,\"caption\":\"Patrimoine Basket Ligue Centre-Val de Loire\"},\"image\":{\"@id\":\"https:\\\/\\\/centrevaldeloirebasketballpatrimoine.org\\\/#\\\/schema\\\/logo\\\/image\\\/\"},\"sameAs\":[\"https:\\\/\\\/www.facebook.com\\\/LigueBasketCentre\",\"https:\\\/\\\/x.com\\\/BasketCentre\",\"https:\\\/\\\/www.instagram.com\\\/liguebasketcentre\\\/\",\"https:\\\/\\\/www.linkedin.com\\\/company\\\/ligue-du-centre-val-de-loire-de-basketball\"]},{\"@type\":\"Person\",\"@id\":\"https:\\\/\\\/centrevaldeloirebasketballpatrimoine.org\\\/#\\\/schema\\\/person\\\/2c893d0ea279ba4e59c7844962e20def\",\"name\":\"Elise BARRIER-GUILLOT\",\"image\":{\"@type\":\"ImageObject\",\"inLanguage\":\"fr-FR\",\"@id\":\"https:\\\/\\\/secure.gravatar.com\\\/avatar\\\/9397535c4230f512e833967b709263b14c0b4d27485ba46b5685afbd4ef6a64d?s=96&d=mm&r=g\",\"url\":\"https:\\\/\\\/secure.gravatar.com\\\/avatar\\\/9397535c4230f512e833967b709263b14c0b4d27485ba46b5685afbd4ef6a64d?s=96&d=mm&r=g\",\"contentUrl\":\"https:\\\/\\\/secure.gravatar.com\\\/avatar\\\/9397535c4230f512e833967b709263b14c0b4d27485ba46b5685afbd4ef6a64d?s=96&d=mm&r=g\",\"caption\":\"Elise BARRIER-GUILLOT\"},\"url\":\"https:\\\/\\\/centrevaldeloirebasketballpatrimoine.org\\\/index.php\\\/author\\\/ebarrier\\\/\"}]}<\/script>\n<!-- \/ Yoast SEO plugin. -->","yoast_head_json":{"title":"Rencontre de Maurice CHAFIOL le 27 novembre 2019 : Partie 5 - LCVL; Patrimoine","description":"Patrimoine historique du basket en r\u00e9gion Centre-Val de Loire.","robots":{"index":"index","follow":"follow","max-snippet":"max-snippet:-1","max-image-preview":"max-image-preview:large","max-video-preview":"max-video-preview:-1"},"canonical":"https:\/\/centrevaldeloirebasketballpatrimoine.org\/index.php\/2020\/03\/18\/rencontre-de-maurice-chafiol-le-27-novembre-2019-partie-5\/","og_locale":"fr_FR","og_type":"article","og_title":"Rencontre de Maurice CHAFIOL le 27 novembre 2019 : Partie 5 - LCVL; Patrimoine","og_description":"Patrimoine historique du basket en r\u00e9gion Centre-Val de Loire.","og_url":"https:\/\/centrevaldeloirebasketballpatrimoine.org\/index.php\/2020\/03\/18\/rencontre-de-maurice-chafiol-le-27-novembre-2019-partie-5\/","article_publisher":"https:\/\/www.facebook.com\/LigueBasketCentre","article_published_time":"2020-03-18T14:52:48+00:00","article_modified_time":"2020-05-04T12:49:35+00:00","og_image":[{"width":860,"height":871,"url":"https:\/\/centrevaldeloirebasketballpatrimoine.org\/wp-content\/uploads\/2020\/03\/5-Maurice-CHAFIOL.jpg","type":"image\/jpeg"}],"author":"Elise BARRIER-GUILLOT","twitter_card":"summary_large_image","twitter_creator":"@BasketCentre","twitter_site":"@BasketCentre","twitter_misc":{"\u00c9crit par":"Elise BARRIER-GUILLOT","Dur\u00e9e de lecture estim\u00e9e":"5 minutes"},"schema":{"@context":"https:\/\/schema.org","@graph":[{"@type":"Article","@id":"https:\/\/centrevaldeloirebasketballpatrimoine.org\/index.php\/2020\/03\/18\/rencontre-de-maurice-chafiol-le-27-novembre-2019-partie-5\/#article","isPartOf":{"@id":"https:\/\/centrevaldeloirebasketballpatrimoine.org\/index.php\/2020\/03\/18\/rencontre-de-maurice-chafiol-le-27-novembre-2019-partie-5\/"},"author":{"name":"Elise BARRIER-GUILLOT","@id":"https:\/\/centrevaldeloirebasketballpatrimoine.org\/#\/schema\/person\/2c893d0ea279ba4e59c7844962e20def"},"headline":"Rencontre de Maurice CHAFIOL le 27 novembre 2019 : Partie 5","datePublished":"2020-03-18T14:52:48+00:00","dateModified":"2020-05-04T12:49:35+00:00","mainEntityOfPage":{"@id":"https:\/\/centrevaldeloirebasketballpatrimoine.org\/index.php\/2020\/03\/18\/rencontre-de-maurice-chafiol-le-27-novembre-2019-partie-5\/"},"wordCount":946,"commentCount":0,"publisher":{"@id":"https:\/\/centrevaldeloirebasketballpatrimoine.org\/#organization"},"image":{"@id":"https:\/\/centrevaldeloirebasketballpatrimoine.org\/index.php\/2020\/03\/18\/rencontre-de-maurice-chafiol-le-27-novembre-2019-partie-5\/#primaryimage"},"thumbnailUrl":"https:\/\/centrevaldeloirebasketballpatrimoine.org\/wp-content\/uploads\/2020\/03\/5-Maurice-CHAFIOL.jpg","articleSection":["Acteurs"],"inLanguage":"fr-FR","potentialAction":[{"@type":"CommentAction","name":"Comment","target":["https:\/\/centrevaldeloirebasketballpatrimoine.org\/index.php\/2020\/03\/18\/rencontre-de-maurice-chafiol-le-27-novembre-2019-partie-5\/#respond"]}]},{"@type":"WebPage","@id":"https:\/\/centrevaldeloirebasketballpatrimoine.org\/index.php\/2020\/03\/18\/rencontre-de-maurice-chafiol-le-27-novembre-2019-partie-5\/","url":"https:\/\/centrevaldeloirebasketballpatrimoine.org\/index.php\/2020\/03\/18\/rencontre-de-maurice-chafiol-le-27-novembre-2019-partie-5\/","name":"Rencontre de Maurice CHAFIOL le 27 novembre 2019 : Partie 5 - LCVL; Patrimoine","isPartOf":{"@id":"https:\/\/centrevaldeloirebasketballpatrimoine.org\/#website"},"primaryImageOfPage":{"@id":"https:\/\/centrevaldeloirebasketballpatrimoine.org\/index.php\/2020\/03\/18\/rencontre-de-maurice-chafiol-le-27-novembre-2019-partie-5\/#primaryimage"},"image":{"@id":"https:\/\/centrevaldeloirebasketballpatrimoine.org\/index.php\/2020\/03\/18\/rencontre-de-maurice-chafiol-le-27-novembre-2019-partie-5\/#primaryimage"},"thumbnailUrl":"https:\/\/centrevaldeloirebasketballpatrimoine.org\/wp-content\/uploads\/2020\/03\/5-Maurice-CHAFIOL.jpg","datePublished":"2020-03-18T14:52:48+00:00","dateModified":"2020-05-04T12:49:35+00:00","description":"Patrimoine historique du basket en r\u00e9gion Centre-Val de Loire.","breadcrumb":{"@id":"https:\/\/centrevaldeloirebasketballpatrimoine.org\/index.php\/2020\/03\/18\/rencontre-de-maurice-chafiol-le-27-novembre-2019-partie-5\/#breadcrumb"},"inLanguage":"fr-FR","potentialAction":[{"@type":"ReadAction","target":["https:\/\/centrevaldeloirebasketballpatrimoine.org\/index.php\/2020\/03\/18\/rencontre-de-maurice-chafiol-le-27-novembre-2019-partie-5\/"]}]},{"@type":"ImageObject","inLanguage":"fr-FR","@id":"https:\/\/centrevaldeloirebasketballpatrimoine.org\/index.php\/2020\/03\/18\/rencontre-de-maurice-chafiol-le-27-novembre-2019-partie-5\/#primaryimage","url":"https:\/\/centrevaldeloirebasketballpatrimoine.org\/wp-content\/uploads\/2020\/03\/5-Maurice-CHAFIOL.jpg","contentUrl":"https:\/\/centrevaldeloirebasketballpatrimoine.org\/wp-content\/uploads\/2020\/03\/5-Maurice-CHAFIOL.jpg","width":860,"height":871},{"@type":"BreadcrumbList","@id":"https:\/\/centrevaldeloirebasketballpatrimoine.org\/index.php\/2020\/03\/18\/rencontre-de-maurice-chafiol-le-27-novembre-2019-partie-5\/#breadcrumb","itemListElement":[{"@type":"ListItem","position":1,"name":"Accueil","item":"https:\/\/centrevaldeloirebasketballpatrimoine.org\/"},{"@type":"ListItem","position":2,"name":"Rencontre de Maurice CHAFIOL le 27 novembre 2019 : Partie 5"}]},{"@type":"WebSite","@id":"https:\/\/centrevaldeloirebasketballpatrimoine.org\/#website","url":"https:\/\/centrevaldeloirebasketballpatrimoine.org\/","name":"","description":"Site officiel Commission Patrimoine de la Ligue Centre-Val de Loire de BasketBall","publisher":{"@id":"https:\/\/centrevaldeloirebasketballpatrimoine.org\/#organization"},"potentialAction":[{"@type":"SearchAction","target":{"@type":"EntryPoint","urlTemplate":"https:\/\/centrevaldeloirebasketballpatrimoine.org\/?s={search_term_string}"},"query-input":{"@type":"PropertyValueSpecification","valueRequired":true,"valueName":"search_term_string"}}],"inLanguage":"fr-FR"},{"@type":"Organization","@id":"https:\/\/centrevaldeloirebasketballpatrimoine.org\/#organization","name":"Patrimoine Basket Ligue Centre-Val de Loire","url":"https:\/\/centrevaldeloirebasketballpatrimoine.org\/","logo":{"@type":"ImageObject","inLanguage":"fr-FR","@id":"https:\/\/centrevaldeloirebasketballpatrimoine.org\/#\/schema\/logo\/image\/","url":"https:\/\/i0.wp.com\/centrevaldeloirebasketballpatrimoine.org\/wp-content\/uploads\/2019\/06\/LigueRegionale-CENTRE-VAL-DE-LOIRE-Vertical-694x1024.jpg?fit=694%2C1024&ssl=1","contentUrl":"https:\/\/i0.wp.com\/centrevaldeloirebasketballpatrimoine.org\/wp-content\/uploads\/2019\/06\/LigueRegionale-CENTRE-VAL-DE-LOIRE-Vertical-694x1024.jpg?fit=694%2C1024&ssl=1","width":694,"height":1024,"caption":"Patrimoine Basket Ligue Centre-Val de Loire"},"image":{"@id":"https:\/\/centrevaldeloirebasketballpatrimoine.org\/#\/schema\/logo\/image\/"},"sameAs":["https:\/\/www.facebook.com\/LigueBasketCentre","https:\/\/x.com\/BasketCentre","https:\/\/www.instagram.com\/liguebasketcentre\/","https:\/\/www.linkedin.com\/company\/ligue-du-centre-val-de-loire-de-basketball"]},{"@type":"Person","@id":"https:\/\/centrevaldeloirebasketballpatrimoine.org\/#\/schema\/person\/2c893d0ea279ba4e59c7844962e20def","name":"Elise BARRIER-GUILLOT","image":{"@type":"ImageObject","inLanguage":"fr-FR","@id":"https:\/\/secure.gravatar.com\/avatar\/9397535c4230f512e833967b709263b14c0b4d27485ba46b5685afbd4ef6a64d?s=96&d=mm&r=g","url":"https:\/\/secure.gravatar.com\/avatar\/9397535c4230f512e833967b709263b14c0b4d27485ba46b5685afbd4ef6a64d?s=96&d=mm&r=g","contentUrl":"https:\/\/secure.gravatar.com\/avatar\/9397535c4230f512e833967b709263b14c0b4d27485ba46b5685afbd4ef6a64d?s=96&d=mm&r=g","caption":"Elise BARRIER-GUILLOT"},"url":"https:\/\/centrevaldeloirebasketballpatrimoine.org\/index.php\/author\/ebarrier\/"}]}},"_links":{"self":[{"href":"https:\/\/centrevaldeloirebasketballpatrimoine.org\/index.php\/wp-json\/wp\/v2\/posts\/1798","targetHints":{"allow":["GET"]}}],"collection":[{"href":"https:\/\/centrevaldeloirebasketballpatrimoine.org\/index.php\/wp-json\/wp\/v2\/posts"}],"about":[{"href":"https:\/\/centrevaldeloirebasketballpatrimoine.org\/index.php\/wp-json\/wp\/v2\/types\/post"}],"author":[{"embeddable":true,"href":"https:\/\/centrevaldeloirebasketballpatrimoine.org\/index.php\/wp-json\/wp\/v2\/users\/6"}],"replies":[{"embeddable":true,"href":"https:\/\/centrevaldeloirebasketballpatrimoine.org\/index.php\/wp-json\/wp\/v2\/comments?post=1798"}],"version-history":[{"count":0,"href":"https:\/\/centrevaldeloirebasketballpatrimoine.org\/index.php\/wp-json\/wp\/v2\/posts\/1798\/revisions"}],"wp:featuredmedia":[{"embeddable":true,"href":"https:\/\/centrevaldeloirebasketballpatrimoine.org\/index.php\/wp-json\/wp\/v2\/media\/1799"}],"wp:attachment":[{"href":"https:\/\/centrevaldeloirebasketballpatrimoine.org\/index.php\/wp-json\/wp\/v2\/media?parent=1798"}],"wp:term":[{"taxonomy":"category","embeddable":true,"href":"https:\/\/centrevaldeloirebasketballpatrimoine.org\/index.php\/wp-json\/wp\/v2\/categories?post=1798"},{"taxonomy":"post_tag","embeddable":true,"href":"https:\/\/centrevaldeloirebasketballpatrimoine.org\/index.php\/wp-json\/wp\/v2\/tags?post=1798"}],"curies":[{"name":"wp","href":"https:\/\/api.w.org\/{rel}","templated":true}]}}